{"id":16495,"date":"2015-07-06T12:08:36","date_gmt":"2015-07-06T17:08:36","guid":{"rendered":"https:\/\/radiowebmx.com\/nota\/?p=16495"},"modified":"2015-07-06T12:08:36","modified_gmt":"2015-07-06T17:08:36","slug":"atiende-ayuntamiento-caida-de-arboles-en-campestre-las-huertas","status":"publish","type":"post","link":"https:\/\/radiowebmx.com\/nota\/atiende-ayuntamiento-caida-de-arboles-en-campestre-las-huertas\/","title":{"rendered":"Atiende Ayuntamiento ca\u00edda de \u00e1rboles en Campestre Las Huertas"},"content":{"rendered":"<p><span style=\"color: #000000;\">Elementos de Protecci\u00f3n Civil y Bomberos de Morelia, as\u00ed como personal de la Direcci\u00f3n de Parques y Jardines del Ayuntamiento capitalino, acudieron al fraccionamiento Campestre Las Huertas a atender el llamado de los vecinos, quienes reportaron la ca\u00edda de una decena de \u00e1rboles de entre diez y quince metros de alto, como consecuencia de la tormenta de este domingo.<\/span><\/p>\n<p><span style=\"color: #000000;\">El coordinador de PC en el municipio, Rabindranath Luna McGregor, detall\u00f3 que al filo de las 17:30 horas, C-4 recibi\u00f3 el reporte del incidente. Posteriormente, en el asentamiento el grupo de auxilio confirm\u00f3 que dos pinos cayeron en la entrada; siete m\u00e1s sobre la calle Las Rocas, uno de ellos sobre una barda perimetral; y otro en la r\u00faa Los Vientos, tumbando una malla cicl\u00f3nica.<\/span><\/p>\n<p><span style=\"color: #000000;\">Luna McGregor afirm\u00f3 que afortunadamente no hubo lesionados, y se proceder\u00e1 al derribo de dos \u00e1rboles m\u00e1s con riesgo de caer. Posteriormente, los trabajadores de Parques y Jardines, apoyados por una gr\u00faa de la Secretar\u00eda de Servicios P\u00fablicos, procedieron a retirar los \u00e1rboles y arbustos para su traslado en veh\u00edculos de la misma dependencia, maniobras que se extendieron hasta la noche.<\/span><\/p>\n","protected":false},"excerpt":{"rendered":"<p>Elementos de Protecci\u00f3n Civil y Bomberos de Morelia, as\u00ed como personal de la Direcci\u00f3n de Parques y Jardines del Ayuntamiento capitalino, acudieron al fraccionamiento Campestre Las Huertas a atender el llamado de los vecinos,<\/p>\n","protected":false},"author":1,"featured_media":16496,"comment_status":"open","ping_status":"open","sticky":false,"template":"","format":"standard","meta":{"footnotes":""},"categories":[14,9],"tags":[],"class_list":["post-16495","post","type-post","status-publish","format-standard","has-post-thumbnail","hentry","category-destacadas","category-morelia"],"_links":{"self":[{"href":"https:\/\/radiowebmx.com\/nota\/wp-json\/wp\/v2\/posts\/16495","targetHints":{"allow":["GET"]}}],"collection":[{"href":"https:\/\/radiowebmx.com\/nota\/wp-json\/wp\/v2\/posts"}],"about":[{"href":"https:\/\/radiowebmx.com\/nota\/wp-json\/wp\/v2\/types\/post"}],"author":[{"embeddable":true,"href":"https:\/\/radiowebmx.com\/nota\/wp-json\/wp\/v2\/users\/1"}],"replies":[{"embeddable":true,"href":"https:\/\/radiowebmx.com\/nota\/wp-json\/wp\/v2\/comments?post=16495"}],"version-history":[{"count":2,"href":"https:\/\/radiowebmx.com\/nota\/wp-json\/wp\/v2\/posts\/16495\/revisions"}],"predecessor-version":[{"id":16498,"href":"https:\/\/radiowebmx.com\/nota\/wp-json\/wp\/v2\/posts\/16495\/revisions\/16498"}],"wp:featuredmedia":[{"embeddable":true,"href":"https:\/\/radiowebmx.com\/nota\/wp-json\/wp\/v2\/media\/16496"}],"wp:attachment":[{"href":"https:\/\/radiowebmx.com\/nota\/wp-json\/wp\/v2\/media?parent=16495"}],"wp:term":[{"taxonomy":"category","embeddable":true,"href":"https:\/\/radiowebmx.com\/nota\/wp-json\/wp\/v2\/categories?post=16495"},{"taxonomy":"post_tag","embeddable":true,"href":"https:\/\/radiowebmx.com\/nota\/wp-json\/wp\/v2\/tags?post=16495"}],"curies":[{"name":"wp","href":"https:\/\/api.w.org\/{rel}","templated":true}]}}