{"id":16489,"date":"2015-07-06T12:04:44","date_gmt":"2015-07-06T17:04:44","guid":{"rendered":"https:\/\/radiowebmx.com\/nota\/?p=16489"},"modified":"2015-07-06T12:04:44","modified_gmt":"2015-07-06T17:04:44","slug":"un-exito-la-carrera-atletica-sergio-rodriguez-diaz","status":"publish","type":"post","link":"https:\/\/radiowebmx.com\/nota\/un-exito-la-carrera-atletica-sergio-rodriguez-diaz\/","title":{"rendered":"Un  \u00e9xito, la carrera atl\u00e9tica \u201cSergio Rodr\u00edguez D\u00edaz\u201d"},"content":{"rendered":"<p><span style=\"font-size: large;\">Con el fin de incentivar en los ciudadanos la pr\u00e1ctica del deporte, al ser la actividad f\u00edsica una forma de reconstrucci\u00f3n del tejido social, el Ayuntamiento de Morelia, a trav\u00e9s del Instituto Municipal de Cultura F\u00edsica y Deporte (IMDE), apoy\u00f3 la realizaci\u00f3n de la carrera atl\u00e9tica\u00a0\u00a0\u201cSergio Rodr\u00edguez D\u00edaz\u201d, en la que este domingo participaron 250 corredores provenientes de la capital michoacana, Cher\u00e1n, P\u00e1tzcuaro, Quiroga, el Estado de M\u00e9xico, e incluso, de Kenia.<\/span><\/p>\n<p><span style=\"font-size: large;\">\u00a0<\/span><\/p>\n<p><span style=\"font-size: large;\">El gobierno local, en coordinaci\u00f3n con los promotores de la competencia, que comenz\u00f3 a partir de las 09:30 horas, otorg\u00f3 una bolsa de premios por un monto de 22 mil pesos en efectivo, repartidos entre los tres primeros lugares de las diferentes categor\u00edas: Juvenil, Libre, Sub-M\u00e1ster, M\u00e1ster y Especial Secundarias.<\/span><\/p>\n<p><span style=\"font-size: large;\">\u00a0<\/span><\/p>\n<p><span style=\"font-size: large;\">Para la carrera de 5 kil\u00f3metros, el trayecto comenz\u00f3 sobre la avenida Madero, en su cruce con la calle Morelos, continuando\u00a0\u00a0por Acueducto hasta llegar al Centro Deportivo Ej\u00e9rcito de la Revoluci\u00f3n (CDER), para despu\u00e9s volver por el mismo camino al punto de inicio, donde tambi\u00e9n fue ubicada la meta.<\/span><\/p>\n<p><span style=\"font-size: large;\">\u00a0<\/span><\/p>\n<p><span style=\"font-size: large;\">En la categor\u00eda Especial Secundarias, el recorrido de 1.6 kil\u00f3metros arranc\u00f3 en el mismo sitio de la antigua Calle Real, pero concluy\u00f3 en la fuente \u201cLas Tarascas\u201d.<\/span><\/p>\n<p><span style=\"font-size: large;\">\u00a0<\/span><\/p>\n<p><span style=\"font-size: large;\">Al t\u00e9rmino de la justa deportiva, los ganadores de las diferentes categor\u00edas se congratularon de haber participado, en reconocimiento a uno de los grandes promotores del atletismo en Michoac\u00e1n, Sergio Rodr\u00edguez D\u00edaz.<\/span><\/p>\n<p><span style=\"font-size: large;\">\u00a0<\/span><\/p>\n<p><span style=\"font-size: large;\">En este sentido,\u00a0Sergio Rodr\u00edguez D\u00edaz celebr\u00f3 que las autoridades municipales alienten y apoyen este tipo de pr\u00e1cticas, que tienen como finalidad generar un beneficio a la sociedad y, al mismo tiempo, mejoran la salud f\u00edsica y mental de los ciudadanos.<\/span><\/p>\n<p><span style=\"font-size: large;\"><b>\u00a0<\/b><\/span><\/p>\n<p><span style=\"font-size: large;\"><b>Lista de ganadores:<\/b><\/span><\/p>\n<p><span style=\"font-size: large;\"><b>\u00a0<\/b><\/span><\/p>\n<p><span style=\"font-size: large;\"><b>Ganadores Varonil absolutos<\/b><\/span><\/p>\n<p><span style=\"font-size: large;\">1.- Emmanuel Chamer 16\u201901\u2019\u2019<\/span><\/p>\n<p><span style=\"font-size: large;\">2.- Eloy S\u00e1nchez\u00a0\u00a0\u00a0\u00a0\u00a0\u00a0\u00a0\u00a0\u00a0\u00a016\u201909\u2019\u2019<\/span><\/p>\n<p><span style=\"font-size: large;\">3.- Said D\u00edaz\u00a0\u00a0\u00a0\u00a0\u00a0\u00a0\u00a0\u00a0\u00a0\u00a0\u00a0\u00a0\u00a0\u00a0\u00a0\u00a016\u201912\u2019\u2019<\/span><\/p>\n<p><span style=\"font-size: large;\"><b>\u00a0<\/b><\/span><\/p>\n<p><span style=\"font-size: large;\"><b>Ganadores Femenil absolutos<\/b><\/span><\/p>\n<p><span style=\"font-size: large;\">\u00a0<\/span><\/p>\n<p><span style=\"font-size: large;\">1.- Misha Elena Ruiz\u00a0\u00a0\u00a0\u00a0\u00a0\u00a0\u00a0\u00a0\u00a0\u00a0\u00a0\u00a0\u00a0\u00a0\u00a0\u00a0\u00a0\u00a0\u00a0\u00a0\u00a0\u00a0\u00a0\u00a0\u00a020\u201900\u2019\u2019<\/span><\/p>\n<p><span style=\"font-size: large;\">2.- Mar\u00eda de los \u00c1ngeles Jard\u00f3n\u00a0\u00a0\u00a0\u00a0\u00a0\u00a0\u00a0\u00a020\u201949\u2019\u2019<\/span><\/p>\n<p><span style=\"font-size: large;\">3.- Carolina Gonz\u00e1lez\u00a0\u00a0\u00a0\u00a0\u00a0\u00a0\u00a0\u00a0\u00a0\u00a0\u00a0\u00a0\u00a0\u00a0\u00a0\u00a0\u00a0\u00a0\u00a0\u00a0\u00a0\u00a0\u00a0\u00a021\u201946\u2019\u2019<\/span><\/p>\n<p><span style=\"font-size: large;\">\u00a0<\/span><\/p>\n<p><span style=\"font-size: large;\"><b>Categor\u00eda Juvenil Femenil<\/b><\/span><\/p>\n<p><span style=\"font-size: large;\">\u00a0<\/span><\/p>\n<p><span style=\"font-size: large;\">1.- Vianey Santaclara<\/span><\/p>\n<p><span style=\"font-size: large;\">2.- Yoritzkiri Tapia<\/span><\/p>\n<p><span style=\"font-size: large;\">3.- Mariana Garc\u00eda<\/span><\/p>\n<p><span style=\"font-size: large;\">\u00a0<\/span><\/p>\n<p><span style=\"font-size: large;\"><b>Categor\u00eda Juvenil Varonil<\/b><\/span><\/p>\n<p><span style=\"font-size: large;\">\u00a0<\/span><\/p>\n<p><span style=\"font-size: large;\">1.- Ayrton Ledezma<\/span><\/p>\n<p><span style=\"font-size: large;\">2.- Pedro Quintana<\/span><\/p>\n<p><span style=\"font-size: large;\">3.- Luis Mora<\/span><\/p>\n<p><span style=\"font-size: large;\">\u00a0<\/span><\/p>\n<p><span style=\"font-size: large;\"><b>Categor\u00eda Subm\u00e1ster Femenil<\/b><\/span><\/p>\n<p><span style=\"font-size: large;\">\u00a0<\/span><\/p>\n<p><span style=\"font-size: large;\">1.- Martina Aguilar<\/span><\/p>\n<p><span style=\"font-size: large;\">2.- Azereth Maldonado<\/span><\/p>\n<p><span style=\"font-size: large;\">3.- Concepci\u00f3n Mart\u00ednez<\/span><\/p>\n<p><span style=\"font-size: large;\">\u00a0<\/span><\/p>\n<p><span style=\"font-size: large;\"><b>Categor\u00eda Subm\u00e1ster Varonil<\/b><\/span><\/p>\n<p><span style=\"font-size: large;\">\u00a0<\/span><\/p>\n<p><span style=\"font-size: large;\">1.- \u00c1lvaro Monta\u00f1ez<\/span><\/p>\n<p><span style=\"font-size: large;\">2.- Leonel \u00c1valos<\/span><\/p>\n<p><span style=\"font-size: large;\">3.- Mois\u00e9s Chanure<\/span><\/p>\n<p><span style=\"font-size: large;\">\u00a0<\/span><\/p>\n<p><span style=\"font-size: large;\"><b>Categor\u00eda M\u00e1ster Femenil<\/b><\/span><\/p>\n<p><span style=\"font-size: large;\">\u00a0<\/span><\/p>\n<p><span style=\"font-size: large;\">1.- Irma Reyes<\/span><\/p>\n<p><span style=\"font-size: large;\">2.- Luc\u00eda Villal\u00f3n<\/span><\/p>\n<p><span style=\"font-size: large;\">3.- Elvira Hern\u00e1ndez<\/span><\/p>\n<p><span style=\"font-size: large;\">\u00a0<\/span><\/p>\n<p><span style=\"font-size: large;\"><b>Categor\u00eda M\u00e1ster Varonil<\/b><\/span><\/p>\n<p><span style=\"font-size: large;\">\u00a0<\/span><\/p>\n<p><span style=\"font-size: large;\">1.- Ramiro Ben\u00edtez<\/span><\/p>\n<p><span style=\"font-size: large;\">2.- Gumersindo Olmedo<\/span><\/p>\n<p><span style=\"font-size: large;\">3.- H\u00e9ctor Acu\u00f1a<\/span><\/p>\n","protected":false},"excerpt":{"rendered":"<p>Con el fin de incentivar en los ciudadanos la pr\u00e1ctica del deporte, al ser la actividad f\u00edsica una forma de reconstrucci\u00f3n del tejido social, el Ayuntamiento de Morelia, a trav\u00e9s del Instituto Municipal de Cultura F\u00edsica y Deporte (IMDE), apoy\u00f3 la realizaci\u00f3n de la carrera atl\u00e9tica  \u201cSergio Rodr\u00edguez D\u00edaz\u201d,<\/p>\n","protected":false},"author":1,"featured_media":16490,"comment_status":"open","ping_status":"open","sticky":false,"template":"","format":"standard","meta":{"footnotes":""},"categories":[14,9],"tags":[],"class_list":["post-16489","post","type-post","status-publish","format-standard","has-post-thumbnail","hentry","category-destacadas","category-morelia"],"_links":{"self":[{"href":"https:\/\/radiowebmx.com\/nota\/wp-json\/wp\/v2\/posts\/16489","targetHints":{"allow":["GET"]}}],"collection":[{"href":"https:\/\/radiowebmx.com\/nota\/wp-json\/wp\/v2\/posts"}],"about":[{"href":"https:\/\/radiowebmx.com\/nota\/wp-json\/wp\/v2\/types\/post"}],"author":[{"embeddable":true,"href":"https:\/\/radiowebmx.com\/nota\/wp-json\/wp\/v2\/users\/1"}],"replies":[{"embeddable":true,"href":"https:\/\/radiowebmx.com\/nota\/wp-json\/wp\/v2\/comments?post=16489"}],"version-history":[{"count":1,"href":"https:\/\/radiowebmx.com\/nota\/wp-json\/wp\/v2\/posts\/16489\/revisions"}],"predecessor-version":[{"id":16491,"href":"https:\/\/radiowebmx.com\/nota\/wp-json\/wp\/v2\/posts\/16489\/revisions\/16491"}],"wp:featuredmedia":[{"embeddable":true,"href":"https:\/\/radiowebmx.com\/nota\/wp-json\/wp\/v2\/media\/16490"}],"wp:attachment":[{"href":"https:\/\/radiowebmx.com\/nota\/wp-json\/wp\/v2\/media?parent=16489"}],"wp:term":[{"taxonomy":"category","embeddable":true,"href":"https:\/\/radiowebmx.com\/nota\/wp-json\/wp\/v2\/categories?post=16489"},{"taxonomy":"post_tag","embeddable":true,"href":"https:\/\/radiowebmx.com\/nota\/wp-json\/wp\/v2\/tags?post=16489"}],"curies":[{"name":"wp","href":"https:\/\/api.w.org\/{rel}","templated":true}]}}