{"id":16482,"date":"2015-07-06T11:59:19","date_gmt":"2015-07-06T16:59:19","guid":{"rendered":"https:\/\/radiowebmx.com\/nota\/?p=16482"},"modified":"2015-07-06T11:59:19","modified_gmt":"2015-07-06T16:59:19","slug":"asean-avenida-madero-tras-levantamiento-del-planton","status":"publish","type":"post","link":"https:\/\/radiowebmx.com\/nota\/asean-avenida-madero-tras-levantamiento-del-planton\/","title":{"rendered":"Asean avenida Madero tras levantamiento del plant\u00f3n"},"content":{"rendered":"<p><span style=\"font-size: large;\">La madrugada de este domingo, personal de la Direcci\u00f3n de Aseo P\u00fablico del Ayuntamiento de Morelia efectu\u00f3 la limpieza integral de la avenida Madero, desde su cruce con la calle Morelos hasta Benito Ju\u00e1rez, de donde se levant\u00f3 el plant\u00f3n que hab\u00eda mantenido instalado desde el pasado 12 de mayo, afuera de Casa de Gobierno.<\/span><\/p>\n<p><span style=\"font-size: large;\"><b>\u00a0<\/b><\/span><\/p>\n<p><span style=\"font-size: large;\">El secretario de Servicios P\u00fablicos del Gobierno Municipal, Romano Valencia L\u00f3pez, instruy\u00f3 al personal de la dependencia a realizar el barrido manual y lavado a presi\u00f3n del \u00e1rea desalojada, mediante el uso de 8 mil litros de agua \u201cdura\u201d no apta para el consumo humano, suministrados con una hidropipa en la\u00a0carpeta asf\u00e1ltica, banquetas, paredes de los edificios de la cuadra y parte de la plaza Melchor Ocampo.<\/span><\/p>\n<p><span style=\"font-size: large;\">\u00a0<\/span><\/p>\n<p><span style=\"font-size: large;\">De tal forma, el primer cuadro de la capital michoacana recuper\u00f3 las condiciones normales de higiene y la principal vialidad de la ciudad qued\u00f3 completamente libre al tr\u00e1nsito vehicular, ya que adem\u00e1s la Direcci\u00f3n de Mercados y Comercio en la V\u00eda P\u00fablica retir\u00f3 a los vendedores ambulantes que acompa\u00f1aban a los manifestantes.<\/span><\/p>\n","protected":false},"excerpt":{"rendered":"<p>La madrugada de este domingo, personal de la Direcci\u00f3n de Aseo P\u00fablico del Ayuntamiento de Morelia efectu\u00f3 la limpieza integral de la avenida Madero, desde su cruce con la calle Morelos hasta Benito Ju\u00e1rez, de donde se levant\u00f3 el plant\u00f3n que hab\u00eda mantenido instalado desde el pasado 12 de mayo, afuera de Casa de Gobierno.<\/p>\n","protected":false},"author":1,"featured_media":16483,"comment_status":"open","ping_status":"open","sticky":false,"template":"","format":"standard","meta":{"footnotes":""},"categories":[14,9],"tags":[],"class_list":["post-16482","post","type-post","status-publish","format-standard","has-post-thumbnail","hentry","category-destacadas","category-morelia"],"_links":{"self":[{"href":"https:\/\/radiowebmx.com\/nota\/wp-json\/wp\/v2\/posts\/16482","targetHints":{"allow":["GET"]}}],"collection":[{"href":"https:\/\/radiowebmx.com\/nota\/wp-json\/wp\/v2\/posts"}],"about":[{"href":"https:\/\/radiowebmx.com\/nota\/wp-json\/wp\/v2\/types\/post"}],"author":[{"embeddable":true,"href":"https:\/\/radiowebmx.com\/nota\/wp-json\/wp\/v2\/users\/1"}],"replies":[{"embeddable":true,"href":"https:\/\/radiowebmx.com\/nota\/wp-json\/wp\/v2\/comments?post=16482"}],"version-history":[{"count":1,"href":"https:\/\/radiowebmx.com\/nota\/wp-json\/wp\/v2\/posts\/16482\/revisions"}],"predecessor-version":[{"id":16484,"href":"https:\/\/radiowebmx.com\/nota\/wp-json\/wp\/v2\/posts\/16482\/revisions\/16484"}],"wp:featuredmedia":[{"embeddable":true,"href":"https:\/\/radiowebmx.com\/nota\/wp-json\/wp\/v2\/media\/16483"}],"wp:attachment":[{"href":"https:\/\/radiowebmx.com\/nota\/wp-json\/wp\/v2\/media?parent=16482"}],"wp:term":[{"taxonomy":"category","embeddable":true,"href":"https:\/\/radiowebmx.com\/nota\/wp-json\/wp\/v2\/categories?post=16482"},{"taxonomy":"post_tag","embeddable":true,"href":"https:\/\/radiowebmx.com\/nota\/wp-json\/wp\/v2\/tags?post=16482"}],"curies":[{"name":"wp","href":"https:\/\/api.w.org\/{rel}","templated":true}]}}