{"id":16461,"date":"2015-07-03T12:03:54","date_gmt":"2015-07-03T17:03:54","guid":{"rendered":"https:\/\/radiowebmx.com\/nota\/?p=16461"},"modified":"2015-07-03T12:03:54","modified_gmt":"2015-07-03T17:03:54","slug":"gobierno-federal-respaldara-a-ciudadanos-y-nuevos-gobiernos-en-las-mesas-de-seguridad-y-justicia-felipe-gurrola","status":"publish","type":"post","link":"https:\/\/radiowebmx.com\/nota\/gobierno-federal-respaldara-a-ciudadanos-y-nuevos-gobiernos-en-las-mesas-de-seguridad-y-justicia-felipe-gurrola\/","title":{"rendered":"GOBIERNO FEDERAL RESPALDAR\u00c1 A CIUDADANOS Y NUEVOS GOBIERNOS EN LAS MESAS DE SEGURIDAD Y JUSTICIA: FELIPE GURROLA"},"content":{"rendered":"<p>El gobierno federal seguir\u00e1 teniendo presencia en las Mesas de Seguridad y Justicia de Michoac\u00e1n y mantendr\u00e1 la colaboraci\u00f3n con nuevas autoridades estatales y municipales; \u201cno debemos bajar la guardia\u201d, sostuvo el mando especial para la seguridad en el estado, general Pedro Felipe Gurrola Ram\u00edrez, al presidir junto con el gobernador Salvador Jara Guerrero la primera reuni\u00f3n plenaria de la Mesa de Seguridad y Justicia de Zamora.<\/p>\n<p>En la sesi\u00f3n coordinada por el presidente de esta Mesa, Luis Humberto Ram\u00edrez Viramontes, el mandatario Salvador Jara hizo hincapi\u00e9 en que la sociedad se tiene que organizar para desalentar las conductas delictivas, y una manera de lograrlo es fomentar la denuncia, observar y se\u00f1alar el delito, sea quien sea el que lo cometa: funcionarios, polic\u00edas y cualquier ciudadano.<\/p>\n<p>Asever\u00f3 que la confianza es un elemento que se tiene que construir por decreto en estas Mesas de Seguridad y Justicia, por lo que dijo a sus integrantes que verdaderamente deben tenerse confianza y dejar de lado intereses personales para poder construir propuestas que den resultados.<\/p>\n<p>El general Felipe Gurrola complement\u00f3 lo anterior al se\u00f1alar que si bien el tema de seguridad es responsabilidad de las autoridades totalmente, la contribuci\u00f3n de la sociedad civil es fundamental para avanzar.<\/p>\n<p>\u201cEl tema Michoac\u00e1n, debemos reconocer, se abandon\u00f3 y estamos retom\u00e1ndolo con el esfuerzo de todos y lo vamos a lograr\u201d, apunt\u00f3.<\/p>\n<p>En esta reuni\u00f3n, empresarios y autoridades locales participaron en la mesa con algunas ideas; adem\u00e1s, la PGJE y SSP dieron a conocer las labores realizadas en la regi\u00f3n y los n\u00fameros de emergencia disponibles para la poblaci\u00f3n, enfatizando la importancia que tiene la denuncia para lograr avances en la disminuci\u00f3n de delitos de alto impacto y del fuero com\u00fan.<\/p>\n<p>Por otra parte, Salvador Jara dijo a los michoacanos presentes que deben tener la certeza de que el gobierno entrante tendr\u00e1 toda la informaci\u00f3n disponible para tomar las mejores decisiones, \u201cno estamos para estorbarle, sino para ayudar\u201d, afirm\u00f3 y asegur\u00f3 que el proceso de transici\u00f3n de gobierno no afectar\u00e1 las labores que en estos organismos se emprenden para mejorar la seguridad en las regiones de la entidad.<\/p>\n<p>El mandatario michoacano mencion\u00f3 que ya se invit\u00f3 al gobernador electo a presenciar los trabajos de algunas de las mesas y del Grupo de Coordinaci\u00f3n Michoac\u00e1n, con el prop\u00f3sito de que se vaya familiarizando con los temas y acciones, porque se trata de dar continuidad y no frenar la marcha de los avances en seguridad y procuraci\u00f3n de justicia.<\/p>\n<p>Tambi\u00e9n estuvieron presentes en esta reuni\u00f3n plenaria, Roberto Ram\u00edrez Delgado, presidente de Fucidim y coordinador de las Mesas de Seguridad de Michoac\u00e1n; Jaime Rodr\u00edguez Aguilar, encargado del despacho de la PGJE; el general Jos\u00e9 Francisco Morales C\u00e1zares, comandante de la XXI Zona Militar; Israel Galv\u00e1n Jaime, comisario de la Polic\u00eda Federal en el estado; coronel Fructuoso L\u00f3pez Vallejo, comandante del XVII Batall\u00f3n de Infanter\u00eda; Enrique L\u00f3pez Hern\u00e1ndez, fiscal regional de Zamora, y Armando del R\u00edo Leal, delegado del CISEN en Michoac\u00e1n, por mencionar algunos.<\/p>\n","protected":false},"excerpt":{"rendered":"<p>El gobierno federal seguir\u00e1 teniendo presencia en las Mesas de Seguridad y Justicia de Michoac\u00e1n y mantendr\u00e1 la colaboraci\u00f3n con nuevas autoridades estatales y municipales; \u201cno debemos bajar la guardia\u201d, <\/p>\n","protected":false},"author":1,"featured_media":16462,"comment_status":"open","ping_status":"open","sticky":false,"template":"","format":"standard","meta":{"footnotes":""},"categories":[14,3],"tags":[],"class_list":["post-16461","post","type-post","status-publish","format-standard","has-post-thumbnail","hentry","category-destacadas","category-gobierno-del-estado-de-michoacan"],"_links":{"self":[{"href":"https:\/\/radiowebmx.com\/nota\/wp-json\/wp\/v2\/posts\/16461","targetHints":{"allow":["GET"]}}],"collection":[{"href":"https:\/\/radiowebmx.com\/nota\/wp-json\/wp\/v2\/posts"}],"about":[{"href":"https:\/\/radiowebmx.com\/nota\/wp-json\/wp\/v2\/types\/post"}],"author":[{"embeddable":true,"href":"https:\/\/radiowebmx.com\/nota\/wp-json\/wp\/v2\/users\/1"}],"replies":[{"embeddable":true,"href":"https:\/\/radiowebmx.com\/nota\/wp-json\/wp\/v2\/comments?post=16461"}],"version-history":[{"count":2,"href":"https:\/\/radiowebmx.com\/nota\/wp-json\/wp\/v2\/posts\/16461\/revisions"}],"predecessor-version":[{"id":16464,"href":"https:\/\/radiowebmx.com\/nota\/wp-json\/wp\/v2\/posts\/16461\/revisions\/16464"}],"wp:featuredmedia":[{"embeddable":true,"href":"https:\/\/radiowebmx.com\/nota\/wp-json\/wp\/v2\/media\/16462"}],"wp:attachment":[{"href":"https:\/\/radiowebmx.com\/nota\/wp-json\/wp\/v2\/media?parent=16461"}],"wp:term":[{"taxonomy":"category","embeddable":true,"href":"https:\/\/radiowebmx.com\/nota\/wp-json\/wp\/v2\/categories?post=16461"},{"taxonomy":"post_tag","embeddable":true,"href":"https:\/\/radiowebmx.com\/nota\/wp-json\/wp\/v2\/tags?post=16461"}],"curies":[{"name":"wp","href":"https:\/\/api.w.org\/{rel}","templated":true}]}}