{"id":16458,"date":"2015-07-03T11:53:35","date_gmt":"2015-07-03T16:53:35","guid":{"rendered":"https:\/\/radiowebmx.com\/nota\/?p=16458"},"modified":"2015-07-03T11:53:35","modified_gmt":"2015-07-03T16:53:35","slug":"secretario-de-seguridad-publica-de-michoacan-presenta-su-renuncia-al-cargo-victor-magana-estara-al-frente-de-la-ssp-como-encargado-de-despacho","status":"publish","type":"post","link":"https:\/\/radiowebmx.com\/nota\/secretario-de-seguridad-publica-de-michoacan-presenta-su-renuncia-al-cargo-victor-magana-estara-al-frente-de-la-ssp-como-encargado-de-despacho\/","title":{"rendered":"SECRETARIO DE SEGURIDAD P\u00daBLICA DE MICHOAC\u00c1N PRESENTA SU RENUNCIA AL CARGO; V\u00cdCTOR MAGA\u00d1A ESTAR\u00c1 AL FRENTE DE LA SSP COMO ENCARGADO DE DESPACHO"},"content":{"rendered":"<p>El secretario de Seguridad P\u00fablica, Javier Ocampo Garc\u00eda, present\u00f3 al gobernador Salvador Jara Guerrero su renuncia al cargo. El relevo en esta dependencia se ha planificado con puntualidad para que el desarrollo de sus actividades sustantivas no se vea interrumpido, toda vez que a partir de este d\u00eda\u00a0V\u00edctor Manuel Maga\u00f1a Garc\u00eda estar\u00e1 al frente de la SSP como encargado de despacho.<\/p>\n<p>El gobernador de Michoac\u00e1n agradeci\u00f3 la colaboraci\u00f3n de Ocampo Garc\u00eda, y reconoci\u00f3 que su gesti\u00f3n al frente de la SSP fue relevante para que en el estado se tengan mejores condiciones, las cuales han hecho posible que repunten las actividades econ\u00f3micas y el desarrollo tur\u00edstico, s\u00f3lo por mencionar dos \u00e1mbitos en los que se hacen patentes las mejor\u00edas que ha vivido el estado en materia de seguridad.<\/p>\n<p>El ahora encargado del despacho de la SSP, V\u00edctor Manuel Maga\u00f1a, tiene una destacada trayectoria en materia de seguridad, ya que adem\u00e1s de ser polic\u00eda de carrera egresado del Instituto de Capacitaci\u00f3n de la Procuradur\u00eda General de la Rep\u00fablica, ha desempe\u00f1ado funciones en la propia PGR como director de mando de la Agencia Federal de Investigaci\u00f3n; director adjunto de Supervisi\u00f3n en la Polic\u00eda Federal y fue tambi\u00e9n director general del Instituto Estatal de Estudios Superiores en Seguridad y Profesionalizaci\u00f3n de Michoac\u00e1n.<\/p>\n<p>Cabe se\u00f1alar que Maga\u00f1a Garc\u00eda contribuy\u00f3 de manera importante en la creaci\u00f3n del Modelo de Polic\u00eda Fuerza Ciudadana con el que cuenta actualmente el estado, as\u00ed como la creaci\u00f3n e implementaci\u00f3n de los modelos de operaci\u00f3n Cuadrantes y Polic\u00eda de Proximidad.<\/p>\n<p>Aunque el gobernador electo Silvano Aureoles Conejo ha manifestado a Jara Guerrero que es respetuoso de los tiempos constitucionales que marcan el inicio de su gesti\u00f3n, por lo que respetar\u00e1 su investidura y facultades hasta la conclusi\u00f3n de su periodo de gobierno,\u00a0 en una muestra de civilidad pol\u00edtica han intercambiado puntos de vista sobre los relevos de funcionarios en la SSP.<\/p>\n<p>En el proceso de fortalecimiento institucional, es fundamental que las decisiones se tomen con previsiones a largo plazo para garantizar estabilidad y mayor impacto en las acciones de gobierno, en raz\u00f3n de ello, el titular del Ejecutivo en Michoac\u00e1n\u00a0 Salvador Jara Guerrero y el gobernador electo\u00a0 Silvano Aureoles\u00a0Conejo, han realizado an\u00e1lisis de los perfiles m\u00e1s convenientes para encabezar dependencias como la Procuradur\u00eda General de Justicia del Estado (PGJE) y la Secretar\u00eda de Seguridad P\u00fablica.<\/p>\n<p>El trabajo de la PGJE y la SSP es reforzado mediante el trabajo\u00a0 conjunto con la federaci\u00f3n\u00a0 a trav\u00e9s del Grupo de Coordinaci\u00f3n Michoac\u00e1n,\u00a0 instancia que perfila y ejecuta pol\u00edticas integrales en materia de seguridad y justicia, incluido el desarrollo social entendido como la mejor estrategia para prevenir la violencia y delincuencia.<\/p>\n","protected":false},"excerpt":{"rendered":"<p>El secretario de Seguridad P\u00fablica, Javier Ocampo Garc\u00eda, present\u00f3 al gobernador Salvador Jara Guerrero su renuncia al cargo. El relevo en esta dependencia se ha planificado con puntualidad para que el desarrollo de sus actividades sustantivas no se vea interrumpido, <\/p>\n","protected":false},"author":1,"featured_media":0,"comment_status":"open","ping_status":"open","sticky":false,"template":"","format":"standard","meta":{"footnotes":""},"categories":[3],"tags":[],"class_list":["post-16458","post","type-post","status-publish","format-standard","hentry","category-gobierno-del-estado-de-michoacan"],"_links":{"self":[{"href":"https:\/\/radiowebmx.com\/nota\/wp-json\/wp\/v2\/posts\/16458","targetHints":{"allow":["GET"]}}],"collection":[{"href":"https:\/\/radiowebmx.com\/nota\/wp-json\/wp\/v2\/posts"}],"about":[{"href":"https:\/\/radiowebmx.com\/nota\/wp-json\/wp\/v2\/types\/post"}],"author":[{"embeddable":true,"href":"https:\/\/radiowebmx.com\/nota\/wp-json\/wp\/v2\/users\/1"}],"replies":[{"embeddable":true,"href":"https:\/\/radiowebmx.com\/nota\/wp-json\/wp\/v2\/comments?post=16458"}],"version-history":[{"count":2,"href":"https:\/\/radiowebmx.com\/nota\/wp-json\/wp\/v2\/posts\/16458\/revisions"}],"predecessor-version":[{"id":16460,"href":"https:\/\/radiowebmx.com\/nota\/wp-json\/wp\/v2\/posts\/16458\/revisions\/16460"}],"wp:attachment":[{"href":"https:\/\/radiowebmx.com\/nota\/wp-json\/wp\/v2\/media?parent=16458"}],"wp:term":[{"taxonomy":"category","embeddable":true,"href":"https:\/\/radiowebmx.com\/nota\/wp-json\/wp\/v2\/categories?post=16458"},{"taxonomy":"post_tag","embeddable":true,"href":"https:\/\/radiowebmx.com\/nota\/wp-json\/wp\/v2\/tags?post=16458"}],"curies":[{"name":"wp","href":"https:\/\/api.w.org\/{rel}","templated":true}]}}