{"id":16421,"date":"2015-07-02T15:12:49","date_gmt":"2015-07-02T20:12:49","guid":{"rendered":"https:\/\/radiowebmx.com\/nota\/?p=16421"},"modified":"2015-07-02T15:13:02","modified_gmt":"2015-07-02T20:13:02","slug":"16421","status":"publish","type":"post","link":"https:\/\/radiowebmx.com\/nota\/16421\/","title":{"rendered":""},"content":{"rendered":"<p>El presidente municipal de Morelia, Salvador Abud Mirabent, particip\u00f3 en la Segunda Sesi\u00f3n del Consejo Estatal de Protecci\u00f3n Civil, que se realiz\u00f3 este mi\u00e9rcoles en Casa de Gobierno, donde se declar\u00f3 la clausura de la Sesi\u00f3n Permanente de Frentes Fr\u00edos y la apertura de la correspondiente a Fen\u00f3menos Hidrometeorol\u00f3gicos. Los consejeros, provenientes de los tres niveles de gobierno, se mostraron listos para atender las contingencias que pudieran ocasionar las lluvias.<\/p>\n","protected":false},"excerpt":{"rendered":"<p>El presidente municipal de Morelia, SAM, particip\u00f3 en la Segunda Sesi\u00f3n del Consejo Estatal de Protecci\u00f3n Civil, que se realiz\u00f3 este mi\u00e9rcoles en Casa de Gobierno, donde se declar\u00f3 la clausura de la Sesi\u00f3n Permanente de Frentes Fr\u00edos y la apertura de la correspondiente a Fen\u00f3menos Hidrometeorol\u00f3gicos. <\/p>\n","protected":false},"author":1,"featured_media":16422,"comment_status":"open","ping_status":"open","sticky":false,"template":"","format":"standard","meta":{"footnotes":""},"categories":[14,9],"tags":[],"class_list":["post-16421","post","type-post","status-publish","format-standard","has-post-thumbnail","hentry","category-destacadas","category-morelia"],"_links":{"self":[{"href":"https:\/\/radiowebmx.com\/nota\/wp-json\/wp\/v2\/posts\/16421","targetHints":{"allow":["GET"]}}],"collection":[{"href":"https:\/\/radiowebmx.com\/nota\/wp-json\/wp\/v2\/posts"}],"about":[{"href":"https:\/\/radiowebmx.com\/nota\/wp-json\/wp\/v2\/types\/post"}],"author":[{"embeddable":true,"href":"https:\/\/radiowebmx.com\/nota\/wp-json\/wp\/v2\/users\/1"}],"replies":[{"embeddable":true,"href":"https:\/\/radiowebmx.com\/nota\/wp-json\/wp\/v2\/comments?post=16421"}],"version-history":[{"count":2,"href":"https:\/\/radiowebmx.com\/nota\/wp-json\/wp\/v2\/posts\/16421\/revisions"}],"predecessor-version":[{"id":16424,"href":"https:\/\/radiowebmx.com\/nota\/wp-json\/wp\/v2\/posts\/16421\/revisions\/16424"}],"wp:featuredmedia":[{"embeddable":true,"href":"https:\/\/radiowebmx.com\/nota\/wp-json\/wp\/v2\/media\/16422"}],"wp:attachment":[{"href":"https:\/\/radiowebmx.com\/nota\/wp-json\/wp\/v2\/media?parent=16421"}],"wp:term":[{"taxonomy":"category","embeddable":true,"href":"https:\/\/radiowebmx.com\/nota\/wp-json\/wp\/v2\/categories?post=16421"},{"taxonomy":"post_tag","embeddable":true,"href":"https:\/\/radiowebmx.com\/nota\/wp-json\/wp\/v2\/tags?post=16421"}],"curies":[{"name":"wp","href":"https:\/\/api.w.org\/{rel}","templated":true}]}}