{"id":16419,"date":"2015-07-02T15:07:50","date_gmt":"2015-07-02T20:07:50","guid":{"rendered":"https:\/\/radiowebmx.com\/nota\/?p=16419"},"modified":"2015-07-02T15:07:50","modified_gmt":"2015-07-02T20:07:50","slug":"salvador-abud-impulsa-a-moreliano-campeon-de-robotica","status":"publish","type":"post","link":"https:\/\/radiowebmx.com\/nota\/salvador-abud-impulsa-a-moreliano-campeon-de-robotica\/","title":{"rendered":"Salvador Abud impulsa a moreliano campe\u00f3n de rob\u00f3tica"},"content":{"rendered":"<p><span style=\"font-size: large;\">Como muestra de agradecimiento por beneficiar a la sociedad moreliana con el proyecto Merodi, que mejora la calidad de vida de los ni\u00f1os con par\u00e1lisis cerebral mediante el est\u00edmulo de sus ondas cerebrales, el presidente municipal, Salvador Abud Mirabent, entreg\u00f3 al joven Fernando Alan\u00eds Espinoza una aportaci\u00f3n econ\u00f3mica para perfeccionar su trabajo.<\/span><\/p>\n<p><b><span style=\"font-size: large;\">\u00a0<\/span><\/b><\/p>\n<p><span style=\"font-size: large;\">El edil capitalino expres\u00f3 la importancia de impulsar y respaldar a j\u00f3venes como el homenajeado, quien destaca por su excelente trayectoria acad\u00e9mica y es bicampe\u00f3n nacional y municipal de rob\u00f3tica, lo que le ha permitido innovar en cualquier \u00e1rea de la tecnolog\u00eda y, en consecuencia, apoyar a la gente.<\/span><\/p>\n<p><span style=\"font-size: large;\">\u00a0<\/span><\/p>\n<p><span style=\"font-size: large;\">Lo exhort\u00f3 a seguir triunfando en los concursos de rob\u00f3tica, porque cuenta la capacidad, el grado de competitividad y un excelente nivel acad\u00e9mico, que lo coloca como un ejemplo para la ni\u00f1ez y juventud de la capital michoacana.<\/span><\/p>\n<p><span style=\"font-size: large;\">\u00a0<\/span><\/p>\n<p><span style=\"font-size: large;\">Fernando Alan\u00eds Espinosa es integrante del equipo de rob\u00f3tica \u201cMonarch-e\u201d, con el cual se hizo acreedor al galard\u00f3n \u201cEngineering Inspiration Award\u201d en el Regional de Houston Texas, as\u00ed como el premio estadounidense \u201cAlways Thinking\u201d, en abril de este a\u00f1o, gracias a Merodi.<\/span><\/p>\n<p><span style=\"font-size: large;\">\u00a0<\/span><\/p>\n<p><span style=\"font-size: large;\">El estudiante de sexto semestre de preparatoria, ganador de la medalla de oro en Expociencias de Michoac\u00e1n 2014, ha recibido diversos reconocimientos por parte del Tecnol\u00f3gico de Monterrey Campus Morelia, por ser el\u00a0 m\u00e1s destacado de todos los miembros de grupos estudiantiles de la mencionada instituci\u00f3n educativa.<\/span><\/p>\n","protected":false},"excerpt":{"rendered":"<p>Como muestra de agradecimiento por beneficiar a la sociedad moreliana con el proyecto Merodi, que mejora la calidad de vida de los ni\u00f1os con par\u00e1lisis cerebral mediante el est\u00edmulo de sus ondas cerebrales,<\/p>\n","protected":false},"author":1,"featured_media":0,"comment_status":"open","ping_status":"open","sticky":false,"template":"","format":"standard","meta":{"footnotes":""},"categories":[3],"tags":[],"class_list":["post-16419","post","type-post","status-publish","format-standard","hentry","category-gobierno-del-estado-de-michoacan"],"_links":{"self":[{"href":"https:\/\/radiowebmx.com\/nota\/wp-json\/wp\/v2\/posts\/16419","targetHints":{"allow":["GET"]}}],"collection":[{"href":"https:\/\/radiowebmx.com\/nota\/wp-json\/wp\/v2\/posts"}],"about":[{"href":"https:\/\/radiowebmx.com\/nota\/wp-json\/wp\/v2\/types\/post"}],"author":[{"embeddable":true,"href":"https:\/\/radiowebmx.com\/nota\/wp-json\/wp\/v2\/users\/1"}],"replies":[{"embeddable":true,"href":"https:\/\/radiowebmx.com\/nota\/wp-json\/wp\/v2\/comments?post=16419"}],"version-history":[{"count":1,"href":"https:\/\/radiowebmx.com\/nota\/wp-json\/wp\/v2\/posts\/16419\/revisions"}],"predecessor-version":[{"id":16420,"href":"https:\/\/radiowebmx.com\/nota\/wp-json\/wp\/v2\/posts\/16419\/revisions\/16420"}],"wp:attachment":[{"href":"https:\/\/radiowebmx.com\/nota\/wp-json\/wp\/v2\/media?parent=16419"}],"wp:term":[{"taxonomy":"category","embeddable":true,"href":"https:\/\/radiowebmx.com\/nota\/wp-json\/wp\/v2\/categories?post=16419"},{"taxonomy":"post_tag","embeddable":true,"href":"https:\/\/radiowebmx.com\/nota\/wp-json\/wp\/v2\/tags?post=16419"}],"curies":[{"name":"wp","href":"https:\/\/api.w.org\/{rel}","templated":true}]}}