{"id":16396,"date":"2015-07-01T15:09:15","date_gmt":"2015-07-01T20:09:15","guid":{"rendered":"https:\/\/radiowebmx.com\/nota\/?p=16396"},"modified":"2015-07-01T15:09:15","modified_gmt":"2015-07-01T20:09:15","slug":"morelia-ya-tiene-acervo-y-legado-en-el-deporte-daniel-aceves","status":"publish","type":"post","link":"https:\/\/radiowebmx.com\/nota\/morelia-ya-tiene-acervo-y-legado-en-el-deporte-daniel-aceves\/","title":{"rendered":"Morelia ya tiene acervo y legado en el deporte: Daniel Aceves"},"content":{"rendered":"<p><b>\u201c<\/b>Morelia ya tiene un acervo y un legado para las pr\u00f3ximas administraciones, hay mayor infraestructura deportiva y, sobre todo, espacios que son para uso de la poblaci\u00f3n\u201d, afirm\u00f3 el presidente de la Asociaci\u00f3n de Medallistas Ol\u00edmpicos Mexicanos, Daniel Aceves Villagr\u00e1n, en su reciente visita a la capital michoacana.<\/p>\n<p>Con el cambio de Direcci\u00f3n de Promoci\u00f3n Deportiva, a Instituto Municipal de Cultura F\u00edsica y Deporte (IMDE), el actual gobierno local permanecer\u00e1 como referencia por todo lo realizado en esta materia, as\u00ed lo anticip\u00f3 quien fue medallista de Plata en los Juegos Ol\u00edmpicos de Los \u00c1ngeles 84, por la especialidad de lucha grecorromana.<\/p>\n<p>Luego de reconocer al director general del IMDE, Miguel \u00c1ngel Garc\u00eda Meza, y a su equipo de trabajo, por lograr una transformaci\u00f3n de fondo, Daniel Aceves dijo: \u201cSin duda alguna, he testificado y he acompa\u00f1ado esfuerzos muy importantes, que se han reflejado en el mejoramiento de la salud p\u00fablica en el municipio de Morelia y ha generado una activaci\u00f3n f\u00edsica, una cohesi\u00f3n social y tambi\u00e9n una prevenci\u00f3n del delito\u201d.<\/p>\n<p>\u201cEn muchas ocasiones, no hemos podido encontrar en otros municipios de diferentes entidades federativas, esa vocaci\u00f3n por no solo acentuar el alto rendimiento, sino tambi\u00e9n la calidad y la participaci\u00f3n social como se hace aqu\u00ed\u201d, a\u00f1adi\u00f3.<\/p>\n<p>Aceves Villagr\u00e1n, quien tambi\u00e9n ocupa el cargo de director general de PROSPERA, Programa de Inclusi\u00f3n Social (antes Oportunidades) de la Comisi\u00f3n Nacional de Protecci\u00f3n Social en Salud, hizo hincapi\u00e9 en que el deporte es un factor decisivo para obtener un cambio social, por lo cual aplaudi\u00f3 las acciones emprendidas por el titular de la CONADE, Alfredo Castillo Cervantes, quien lleg\u00f3 para poner orden al deporte nacional.<\/p>\n<p>\u201cEs muy importante que hoy, como se est\u00e1 planteando por parte de Alfredo Castillo, en primer lugar se ponga orden, se apegue al estado de derecho el comportamiento de las federaciones, asociaciones e institutos y de ah\u00ed partamos para mejorar la calidad de vida de la poblaci\u00f3n\u201d, manifest\u00f3.<\/p>\n<p>De acuerdo con el Maestro en Comunicaci\u00f3n Organizacional, recalc\u00f3 que una acci\u00f3n fundamental para generar un mayor crecimiento en el deporte, tal como sucedi\u00f3 en Morelia, con la implementaci\u00f3n de pol\u00edticas p\u00fablicas que generen institutos municipales con la capacidad suficiente para brindar mejores programas, herramientas y espacios para la sociedad, ya sea nivel competitivo o recreativo.<\/p>\n<p>Finalmente, Daniel Aceves Villagr\u00e1n, indic\u00f3 el camino que a su parecer, deber\u00eda de seguir la capital michoacana en este \u00e1mbito. \u201cMorelia tiene que seguir siendo un epicentro del deporte no solo en actividades locales, estatales o nacionales, sino tambi\u00e9n internacionales y creo que el potencial deportivo que existe en Michoac\u00e1n es elevado y es una bandera para contrarrestar ese descr\u00e9dito que existe en torno a hechos delictivos o de violencia\u201d.<\/p>\n","protected":false},"excerpt":{"rendered":"<p>\u201cMorelia ya tiene un acervo y un legado para las pr\u00f3ximas administraciones, hay mayor infraestructura deportiva y, sobre todo, espacios que son para uso de la poblaci\u00f3n\u201d, afirm\u00f3 el presidente de la Asociaci\u00f3n de Medallistas Ol\u00edmpicos Mexicanos, Daniel Aceves Villagr\u00e1n, en su reciente visita a la capital michoacana.<\/p>\n","protected":false},"author":1,"featured_media":16397,"comment_status":"open","ping_status":"open","sticky":false,"template":"","format":"standard","meta":{"footnotes":""},"categories":[14,9],"tags":[],"class_list":["post-16396","post","type-post","status-publish","format-standard","has-post-thumbnail","hentry","category-destacadas","category-morelia"],"_links":{"self":[{"href":"https:\/\/radiowebmx.com\/nota\/wp-json\/wp\/v2\/posts\/16396","targetHints":{"allow":["GET"]}}],"collection":[{"href":"https:\/\/radiowebmx.com\/nota\/wp-json\/wp\/v2\/posts"}],"about":[{"href":"https:\/\/radiowebmx.com\/nota\/wp-json\/wp\/v2\/types\/post"}],"author":[{"embeddable":true,"href":"https:\/\/radiowebmx.com\/nota\/wp-json\/wp\/v2\/users\/1"}],"replies":[{"embeddable":true,"href":"https:\/\/radiowebmx.com\/nota\/wp-json\/wp\/v2\/comments?post=16396"}],"version-history":[{"count":1,"href":"https:\/\/radiowebmx.com\/nota\/wp-json\/wp\/v2\/posts\/16396\/revisions"}],"predecessor-version":[{"id":16398,"href":"https:\/\/radiowebmx.com\/nota\/wp-json\/wp\/v2\/posts\/16396\/revisions\/16398"}],"wp:featuredmedia":[{"embeddable":true,"href":"https:\/\/radiowebmx.com\/nota\/wp-json\/wp\/v2\/media\/16397"}],"wp:attachment":[{"href":"https:\/\/radiowebmx.com\/nota\/wp-json\/wp\/v2\/media?parent=16396"}],"wp:term":[{"taxonomy":"category","embeddable":true,"href":"https:\/\/radiowebmx.com\/nota\/wp-json\/wp\/v2\/categories?post=16396"},{"taxonomy":"post_tag","embeddable":true,"href":"https:\/\/radiowebmx.com\/nota\/wp-json\/wp\/v2\/tags?post=16396"}],"curies":[{"name":"wp","href":"https:\/\/api.w.org\/{rel}","templated":true}]}}