{"id":16392,"date":"2015-07-01T15:03:54","date_gmt":"2015-07-01T20:03:54","guid":{"rendered":"https:\/\/radiowebmx.com\/nota\/?p=16392"},"modified":"2015-07-01T15:03:54","modified_gmt":"2015-07-01T20:03:54","slug":"empresas-morelianas-cumplen-con-sus-trabajadores-s-abud","status":"publish","type":"post","link":"https:\/\/radiowebmx.com\/nota\/empresas-morelianas-cumplen-con-sus-trabajadores-s-abud\/","title":{"rendered":"Empresas morelianas cumplen  con sus trabajadores: S. Abud"},"content":{"rendered":"<p><span style=\"font-size: large;\">El impacto del Infonavit en la econom\u00eda trasciende la edificaci\u00f3n de viviendas, porque tambi\u00e9n es una fuente de empleo en otros \u00e1mbitos, afirm\u00f3 este martes el presidente municipal de Morelia, Salvador Abud Mirabent, durante la entrega de reconocimientos de los gobiernos estatal y federal a empresas locales que cumplen cabalmente con sus obligaciones ante dicha instituci\u00f3n.<\/span><\/p>\n<p><span style=\"font-size: large;\">\u00a0<\/span><\/p>\n<p><span style=\"font-size: large;\">En su mensaje de bienvenida, el alcalde resalt\u00f3 a nombre de los morelianos, el compromiso social de las empresas locales que brindan sustento a miles de familias y que les han permitido gozar del derecho de contar con viviendas dignas.<\/span><\/p>\n<p><span style=\"font-size: large;\">\u00a0<\/span><\/p>\n<p><span style=\"font-size: large;\">De igual manera, reconoci\u00f3 a los empresarios que se aseguran de ofrecer mejores condiciones laborales a su personal, ya que adem\u00e1s contribuyen a disminuir la rotaci\u00f3n de los trabajadores y coadyuvan al incremento de su sentido de pertenencia a las organizaciones.<\/span><\/p>\n<p><span style=\"font-size: large;\">\u00a0<\/span><\/p>\n<p><span style=\"font-size: large;\">Abud Mirabent acompa\u00f1\u00f3 al gobernador Salvador Jara Guerrero, y al subdirector general de Recaudaci\u00f3n Fiscal del Instituto del Fondo Nacional para Vivienda de los Trabajadores (Infonavit), Fernando Diarte Mart\u00ednez, en la entrega de reconocimientos a \u201cEmpresas de Diez\u201d, las cuales durante una decena de bimestres consecutivos, han cumplido puntualmente con sus aportaciones.<\/span><\/p>\n<p><span style=\"font-size: large;\">\u00a0<\/span><\/p>\n<p><span style=\"font-size: large;\">De visita a la entidad, Fernando Diarte Mart\u00ednez puntualiz\u00f3 que Michoac\u00e1n es una de las entidades donde hay m\u00e1s empresas cumplidas, para beneficio de sus trabajadores, pues se tiene un registro de 340 mil empleados dependientes de 28 mil 750 patrones, de los cuales el 98 por ciento cumplen con sus cuotas al infonavit.<\/span><\/p>\n","protected":false},"excerpt":{"rendered":"<p>El impacto del Infonavit en la econom\u00eda trasciende la edificaci\u00f3n de viviendas, porque tambi\u00e9n es una fuente de empleo en otros \u00e1mbitos, afirm\u00f3 este martes el presidente municipal de Morelia, SAM, durante la entrega de reconocimientos de los gobiernos estatal y federal a empresas locales que cumplen cabalmente con sus obligaciones ante dicha instituci\u00f3n.<\/p>\n","protected":false},"author":1,"featured_media":16393,"comment_status":"open","ping_status":"open","sticky":false,"template":"","format":"standard","meta":{"footnotes":""},"categories":[14,9],"tags":[],"class_list":["post-16392","post","type-post","status-publish","format-standard","has-post-thumbnail","hentry","category-destacadas","category-morelia"],"_links":{"self":[{"href":"https:\/\/radiowebmx.com\/nota\/wp-json\/wp\/v2\/posts\/16392","targetHints":{"allow":["GET"]}}],"collection":[{"href":"https:\/\/radiowebmx.com\/nota\/wp-json\/wp\/v2\/posts"}],"about":[{"href":"https:\/\/radiowebmx.com\/nota\/wp-json\/wp\/v2\/types\/post"}],"author":[{"embeddable":true,"href":"https:\/\/radiowebmx.com\/nota\/wp-json\/wp\/v2\/users\/1"}],"replies":[{"embeddable":true,"href":"https:\/\/radiowebmx.com\/nota\/wp-json\/wp\/v2\/comments?post=16392"}],"version-history":[{"count":2,"href":"https:\/\/radiowebmx.com\/nota\/wp-json\/wp\/v2\/posts\/16392\/revisions"}],"predecessor-version":[{"id":16395,"href":"https:\/\/radiowebmx.com\/nota\/wp-json\/wp\/v2\/posts\/16392\/revisions\/16395"}],"wp:featuredmedia":[{"embeddable":true,"href":"https:\/\/radiowebmx.com\/nota\/wp-json\/wp\/v2\/media\/16393"}],"wp:attachment":[{"href":"https:\/\/radiowebmx.com\/nota\/wp-json\/wp\/v2\/media?parent=16392"}],"wp:term":[{"taxonomy":"category","embeddable":true,"href":"https:\/\/radiowebmx.com\/nota\/wp-json\/wp\/v2\/categories?post=16392"},{"taxonomy":"post_tag","embeddable":true,"href":"https:\/\/radiowebmx.com\/nota\/wp-json\/wp\/v2\/tags?post=16392"}],"curies":[{"name":"wp","href":"https:\/\/api.w.org\/{rel}","templated":true}]}}