{"id":16389,"date":"2015-07-01T13:50:38","date_gmt":"2015-07-01T18:50:38","guid":{"rendered":"https:\/\/radiowebmx.com\/nota\/?p=16389"},"modified":"2015-07-01T13:50:38","modified_gmt":"2015-07-01T18:50:38","slug":"formacion-academica-de-calidad-prioridad-del-ayuntamiento-abud","status":"publish","type":"post","link":"https:\/\/radiowebmx.com\/nota\/formacion-academica-de-calidad-prioridad-del-ayuntamiento-abud\/","title":{"rendered":"Formaci\u00f3n acad\u00e9mica de calidad, prioridad del Ayuntamiento: Abud"},"content":{"rendered":"<p>Para el Gobierno de Morelia es una prioridad ofrecer una formaci\u00f3n acad\u00e9mica de calidad a los ni\u00f1os y ni\u00f1as, se\u00f1al\u00f3 Salvador Abud Mirabent, presidente municipal, durante la entrega de \u00fatiles escolares y mobiliario escolar a 111 escuelas del municipio, que se efectu\u00f3 en el auditorio municipal \u201cDr. Servando Ch\u00e1vez Hern\u00e1ndez\u201d.<\/p>\n<p>&nbsp;<\/p>\n<p>El alcalde asegur\u00f3 que la buena formaci\u00f3n de los ni\u00f1os de las escuelas del municipio es la \u00fanica garant\u00eda de plantear un futuro, en t\u00e9rminos de progreso y bienestar social; por ello es fundamental dotarles de las herramientas necesarias que permitan tanto el pleno desarrollo de su personalidad humana como el sentido de su dignidad, dijo Abud Mirabent.<\/p>\n<p>&nbsp;<\/p>\n<p>En este sentido, el edil expres\u00f3 que si se anhela un mejor futuro para la ciudad, para el estado y pa\u00eds, es necesario voltear a los ni\u00f1os y trabajar para que tengan una mejor educaci\u00f3n, m\u00e1s \u00fatiles, uniformes, buenos maestros, as\u00ed como t\u00e9cnicas de educaci\u00f3n.<\/p>\n<p>&nbsp;<\/p>\n<p>Asimismo, refiri\u00f3 que su gobierno continuar\u00e1 fomentando esta pol\u00edtica p\u00fablica, ya que la entrega de los materiales escolares que se realiz\u00f3 a 14 mil 679 ni\u00f1as y ni\u00f1os de escuelas del \u00e1rea rural y conurbada del municipio, es un necesario aliciente para que no abandonen sus estudios.<\/p>\n<p>&nbsp;<\/p>\n<p>Por ello, Abud Mirabent se\u00f1al\u00f3 que el Ayuntamiento de Morelia ha sumado voluntades para hacer de la educaci\u00f3n un bien p\u00fablico y evitar la deserci\u00f3n escolar, adem\u00e1s de ser un gobierno local incluyente y aliado a los sectores vulnerables.<\/p>\n<p>&nbsp;<\/p>\n<p>De este modo, dijo que el gobierno local se solidariza con las familias morelianas, ampliando la cobertura de los programas que tienen un mayor impacto en la econom\u00eda de \u00e9stas, adem\u00e1s de incentivar dichas acciones que apuestan por la educaci\u00f3n de los ni\u00f1os del municipio, as\u00ed como por la incorporaci\u00f3n de los elementos que se derivan de los avances tecnol\u00f3gicos en la tarea pedag\u00f3gica.<\/p>\n<p>&nbsp;<\/p>\n<p>Ante la presencia de Miriam Cruz de Abud, presidenta del Sistema DIF Morelia; el<\/p>\n<p>secretario de desarrollo social, Gerardo Miranda Mart\u00ednez; el regidor presidente de la comisi\u00f3n de Educaci\u00f3n, Cultura y Turismo del Ayuntamiento, Roberto Ayala Soto; el director de educaci\u00f3n secundaria de la Secretar\u00eda de Educaci\u00f3n en el estado, Rogelio Novoa Moreno, as\u00ed como los alumnos Atsiri Ira\u00eds Mej\u00eda Medina, de la escuela Mariano Escobedo y Gerardo Miranda Gutierrez Romero, de la escuela primaria Constituyentes de Quer\u00e9taro, el edil dijo que en un esfuerzo conjunto de las instituciones con los profesores y padres de familia, se \u00a0deben dirigir los esfuerzos de los ni\u00f1os de educaci\u00f3n b\u00e1sica hacia la superaci\u00f3n personal, \u00e9xito y satisfacciones.<\/p>\n","protected":false},"excerpt":{"rendered":"<p>Para el Gobierno de Morelia es una prioridad ofrecer una formaci\u00f3n acad\u00e9mica de calidad a los ni\u00f1os y ni\u00f1as, se\u00f1al\u00f3 SAM, presidente municipal, durante la entrega de \u00fatiles escolares y mobiliario escolar a 111 escuelas del municipio, que se efectu\u00f3 en el auditorio municipal \u201cDr. Servando Ch\u00e1vez Hern\u00e1ndez\u201d.<\/p>\n","protected":false},"author":1,"featured_media":16390,"comment_status":"open","ping_status":"open","sticky":false,"template":"","format":"standard","meta":{"footnotes":""},"categories":[14,9],"tags":[],"class_list":["post-16389","post","type-post","status-publish","format-standard","has-post-thumbnail","hentry","category-destacadas","category-morelia"],"_links":{"self":[{"href":"https:\/\/radiowebmx.com\/nota\/wp-json\/wp\/v2\/posts\/16389","targetHints":{"allow":["GET"]}}],"collection":[{"href":"https:\/\/radiowebmx.com\/nota\/wp-json\/wp\/v2\/posts"}],"about":[{"href":"https:\/\/radiowebmx.com\/nota\/wp-json\/wp\/v2\/types\/post"}],"author":[{"embeddable":true,"href":"https:\/\/radiowebmx.com\/nota\/wp-json\/wp\/v2\/users\/1"}],"replies":[{"embeddable":true,"href":"https:\/\/radiowebmx.com\/nota\/wp-json\/wp\/v2\/comments?post=16389"}],"version-history":[{"count":1,"href":"https:\/\/radiowebmx.com\/nota\/wp-json\/wp\/v2\/posts\/16389\/revisions"}],"predecessor-version":[{"id":16391,"href":"https:\/\/radiowebmx.com\/nota\/wp-json\/wp\/v2\/posts\/16389\/revisions\/16391"}],"wp:featuredmedia":[{"embeddable":true,"href":"https:\/\/radiowebmx.com\/nota\/wp-json\/wp\/v2\/media\/16390"}],"wp:attachment":[{"href":"https:\/\/radiowebmx.com\/nota\/wp-json\/wp\/v2\/media?parent=16389"}],"wp:term":[{"taxonomy":"category","embeddable":true,"href":"https:\/\/radiowebmx.com\/nota\/wp-json\/wp\/v2\/categories?post=16389"},{"taxonomy":"post_tag","embeddable":true,"href":"https:\/\/radiowebmx.com\/nota\/wp-json\/wp\/v2\/tags?post=16389"}],"curies":[{"name":"wp","href":"https:\/\/api.w.org\/{rel}","templated":true}]}}