{"id":16385,"date":"2015-07-01T13:38:19","date_gmt":"2015-07-01T18:38:19","guid":{"rendered":"https:\/\/radiowebmx.com\/nota\/?p=16385"},"modified":"2015-07-01T13:38:19","modified_gmt":"2015-07-01T18:38:19","slug":"informe-de-gobierno-municipal-la-segunda-quincena-de-agosto","status":"publish","type":"post","link":"https:\/\/radiowebmx.com\/nota\/informe-de-gobierno-municipal-la-segunda-quincena-de-agosto\/","title":{"rendered":"Informe de gobierno municipal  la segunda quincena de agosto"},"content":{"rendered":"<p>Por unanimidad, el Cabildo de Morelia acept\u00f3 la reforma de diversos art\u00edculos de la Constituci\u00f3n Pol\u00edtica del Estado de Michoac\u00e1n que propone, dentro de la Ley Org\u00e1nica Municipal del Estado, las nuevas fechas de presentaci\u00f3n de los informes del gobierno municipal.<\/p>\n<p>&nbsp;<\/p>\n<p>En sesi\u00f3n ordinaria, el m\u00e1ximo \u00f3rgano colegiado atendi\u00f3 de forma inmediata la solicitud presentada por el diputado Sarbelio Molina V\u00e9lez, presidente de la Mesa Directiva del Congreso del Estado, para analizar y, en su caso, informar la respuesta de votaci\u00f3n ante estas modificaciones legales, que, en la capital michoacana, fueron vistas de forma aceptable.<\/p>\n<p>&nbsp;<\/p>\n<p>Tras aprobar las modificaciones, queda establecido que el titular del gobierno municipal de Morelia deber\u00e1 presentar, a partir de ahora, su informe de gobierno dentro de la primera quincena del mes de julio. En el caso particular de la administraci\u00f3n al frente del presidente Salvador Abud Mirabent, que est\u00e1 por concluir \u00a0el 30 de agosto del presente a\u00f1o, el informe se presentar\u00e1 en el mes de agosto, por \u00fanica ocasi\u00f3n.<\/p>\n<p>&nbsp;<\/p>\n<p>Lo anterior ante el cambio de inicio de los gobiernos municipales debido a que, anteriormente se estipulaba esta obligaci\u00f3n administrativa en los meses de diciembre, sin embargo, ahora cambi\u00f3 para el mes de julio.<\/p>\n<p>&nbsp;<\/p>\n<p>En otros asuntos, el Cabildo de Morelia aprob\u00f3 el dictamen por el que el Ayuntamiento acepta la donaci\u00f3n gratuita de una superficie de 566 mil 403 metros cuadrados de terreno del complejo de desarrollo denominado \u201cVillas del Pedregal\u201d\u00a0 por parte de la empresa inmobiliaria y constructora Sol\u00f3rzano S.A, de C.V.<\/p>\n<p>&nbsp;<\/p>\n<p>Al aceptar el terreno, el m\u00e1ximo \u00f3rgano colegiado estableci\u00f3 el uso de la superficie, \u00fanico y exclusivo, para a propiciar la recarga de los mantos acu\u00edferos de la zona de protecci\u00f3n de la Mintzita, lo que permitir\u00e1\u00a0 una segura recarga hidr\u00e1ulica en la zona poniente de la ciudad.<\/p>\n<p>&nbsp;<\/p>\n<p>De la misma forma, se dio luz verde a la actualizaci\u00f3n parcial del Programa de Desarrollo Urbano de la zona poniente de Morelia 2013, concerniente a la integraci\u00f3n de una superficie colindante al terreno que actualmente alberga el Pante\u00f3n de la Tenencia de Cuto de la Esperanza, a efecto de que la Secretar\u00eda de Urbanismo y Medio Ambiente otorgue la licencia de uso de suelo para el cementerio.<\/p>\n<p>&nbsp;<\/p>\n<p>En apoyo al sector educativo del municipio, el Cabildo autoriz\u00f3 la donaci\u00f3n de un terreno con una superficie superior a los 6 mil\u00a0 600 metros cuadrados, ubicados en el fraccionamiento Arko San Antonio a la Secretar\u00eda de Educaci\u00f3n en el Estado, para la construcci\u00f3n de una escuela secundaria.<\/p>\n<p>&nbsp;<\/p>\n<p>Roberto Ayala Soto, regidor presidente de la Comisi\u00f3n de Educaci\u00f3n, celebr\u00f3 la disposici\u00f3n mostrada por el gobierno municipal actual en el apoyo a la educaci\u00f3n, materializada en la donaci\u00f3n de importantes terrenos para que nuevas escuelas sean constru\u00eddas y los espacios se dignifiquen a favor de los alumnos.<\/p>\n","protected":false},"excerpt":{"rendered":"<p>Por unanimidad, el Cabildo de Morelia acept\u00f3 la reforma de diversos art\u00edculos de la Constituci\u00f3n Pol\u00edtica del Estado de Michoac\u00e1n que propone, dentro de la Ley Org\u00e1nica Municipal del Estado, las nuevas fechas de presentaci\u00f3n de los informes del gobierno municipal.<\/p>\n","protected":false},"author":1,"featured_media":16386,"comment_status":"open","ping_status":"open","sticky":false,"template":"","format":"standard","meta":{"footnotes":""},"categories":[14,9],"tags":[],"class_list":["post-16385","post","type-post","status-publish","format-standard","has-post-thumbnail","hentry","category-destacadas","category-morelia"],"_links":{"self":[{"href":"https:\/\/radiowebmx.com\/nota\/wp-json\/wp\/v2\/posts\/16385","targetHints":{"allow":["GET"]}}],"collection":[{"href":"https:\/\/radiowebmx.com\/nota\/wp-json\/wp\/v2\/posts"}],"about":[{"href":"https:\/\/radiowebmx.com\/nota\/wp-json\/wp\/v2\/types\/post"}],"author":[{"embeddable":true,"href":"https:\/\/radiowebmx.com\/nota\/wp-json\/wp\/v2\/users\/1"}],"replies":[{"embeddable":true,"href":"https:\/\/radiowebmx.com\/nota\/wp-json\/wp\/v2\/comments?post=16385"}],"version-history":[{"count":2,"href":"https:\/\/radiowebmx.com\/nota\/wp-json\/wp\/v2\/posts\/16385\/revisions"}],"predecessor-version":[{"id":16388,"href":"https:\/\/radiowebmx.com\/nota\/wp-json\/wp\/v2\/posts\/16385\/revisions\/16388"}],"wp:featuredmedia":[{"embeddable":true,"href":"https:\/\/radiowebmx.com\/nota\/wp-json\/wp\/v2\/media\/16386"}],"wp:attachment":[{"href":"https:\/\/radiowebmx.com\/nota\/wp-json\/wp\/v2\/media?parent=16385"}],"wp:term":[{"taxonomy":"category","embeddable":true,"href":"https:\/\/radiowebmx.com\/nota\/wp-json\/wp\/v2\/categories?post=16385"},{"taxonomy":"post_tag","embeddable":true,"href":"https:\/\/radiowebmx.com\/nota\/wp-json\/wp\/v2\/tags?post=16385"}],"curies":[{"name":"wp","href":"https:\/\/api.w.org\/{rel}","templated":true}]}}