{"id":16383,"date":"2015-07-01T13:28:01","date_gmt":"2015-07-01T18:28:01","guid":{"rendered":"https:\/\/radiowebmx.com\/nota\/?p=16383"},"modified":"2015-07-01T13:28:01","modified_gmt":"2015-07-01T18:28:01","slug":"temas-de-cafe-331","status":"publish","type":"post","link":"https:\/\/radiowebmx.com\/nota\/temas-de-cafe-331\/","title":{"rendered":"TEMAS DE CAF\u00c9"},"content":{"rendered":"<p><a href=\"https:\/\/radiowebmx.com\/nota\/wp-content\/uploads\/2013\/06\/temas-de-cafe.jpg\"><img loading=\"lazy\" decoding=\"async\" class=\"alignleft size-full wp-image-2805\" alt=\"temas de cafe\" src=\"https:\/\/radiowebmx.com\/nota\/wp-content\/uploads\/2013\/06\/temas-de-cafe.jpg\" width=\"295\" height=\"171\" \/><\/a>+ PRI, MEMO POR LA DIRIGENCIA<\/p>\n<p>+ EDUCACION REHEN DE LA CNTE<\/p>\n<p>+ AL SENADO JARA-CUE-VELASCO<\/p>\n<p>+ REDUCIRAN DISTRITOS LOCALES<\/p>\n<p>PUNTA CANA, Rep\u00fablica Dominicana. 30 de junio del 2015.- Este para\u00edso caribe\u00f1o se encuentra a unas tres horas de Santo Domingo, la carretera de cuatro carriles se encuentra en excelentes condiciones, y la mayor parte bordea el mar, lo cual le concede una dimensi\u00f3n extraordinaria, tiene cierto parecido con Varadero en Cuba, porque aqu\u00ed no parece que pertenezca a la Rep\u00fablica Dominicana, porque no hay problemas de migraci\u00f3n aqu\u00ed, les queda muy lejos la expulsi\u00f3n de los haitianos, ya que predominan los cubanos radicados en Miami, hay turistas de Rusia, Noruega, Suecia obviamente canadienses, pero tambi\u00e9n mucho dominicano, de Puerto Rico a pesar de los graves problemas econ\u00f3micos que tienen,\u00a0 parecidos un poco a Grecia, pero aqu\u00ed esos problemas ni se conocen porque no hay diarios, y la televisi\u00f3n solamente transmite programas de CNN, y locales adem\u00e1s la gente est\u00e1 pendiente de la final de futbol, que se juega en Chile, donde el pa\u00eds anfitri\u00f3n tiene posibilidades de\u00a0 ser campe\u00f3n,\u00a0 solamente falta definir con quien jugar\u00e1 la final, Argentina o Paraguay.<\/p>\n<p>AUMENTA LA EXPULSI\u00d3N DE LOS HAITIANOS<\/p>\n<p>En un principio los haitianos ilegales en la rep\u00fablica Dominicana, no aceptaban los transportes que les pon\u00eda el gobierno dominicano, para que regresaran a sus lugares de origen, pero poco a poco ha ido aumentando el n\u00famero de personas, que regresan a sus terru\u00f1os principalmente, porque la Rep\u00fablica Dominicana, les impone severas sanciones a quienes ofrecen empleo, por lo cual ahora son miles de personas, que regresan diariamente, a tal grado que los finqueros, est\u00e1n preocupados, porque se est\u00e1n quedando sin trabajadores, los haitianos son quienes hac\u00edan los trabajos m\u00e1s duros.<\/p>\n<p>En Punta Cana solamente hay hoteles, no hay un pueblo cercano donde puedan dormir los trabajadores, \u00a0la mayor\u00eda de los hoteles tienen casas para trabajadores, y solamente regresan a sus lugares de origen en vacaciones o los fines de semana,\u00a0 por otra parte los alimentos y los horarios no tienen nada que ver, con los usos y costumbres de los mexicanos, todo es m\u00e1s bien europeos hasta los espect\u00e1culos obedecen m\u00e1s a los gustos europeos, o del norte del continente americano, la internet tiene problemas porque se\u00a0 sobresatura con mucha facilidad, fuera de todo esto Punta Cana es casi el para\u00edso.<\/p>\n<p>MEMO VALENCIA EN BUSCA DEL PRI ESTATAL<\/p>\n<p>Hasta ac\u00e1 llegan noticias de nuestro Morelia al cual ya extra\u00f1amos, Memo Valencia a quien usted conoce porque es un joven pol\u00edtico, que ha estado inmerso en diversos aspectos, ha sido dirigente estatal juvenil de PRI, diputadlo local y presidente municipal de Tepalcatepec, estuvo en el nacimiento de las autodefensas, por lo cual tuvo que abandonar la presidencia municipal, y cuando intent\u00f3 regresar, la dirigencia estatal del PRI, no lo apoy\u00f3 aunque ten\u00eda todo el derecho para hacerlo.<\/p>\n<p>EL PRI DEBE TENER DIRIGENTE ELEGIDO POR LOS PRIISTAS<\/p>\n<p>Memo Valencia intent\u00f3 hace algunos a\u00f1os, convertirse en el dirigente estatal del PRI,\u00a0 no lo logr\u00f3 porque su generaci\u00f3n fue hecha a un lado, por los grupos predominantes quienes cerraron las filas,\u00a0 y entraron en confrontaci\u00f3n a tal grado, que el comit\u00e9\u00a0 ejecutivo nacional, empez\u00f3 a imponer a delegados a quienes obviamente, nunca les interes\u00f3 fortalecer realmente las filas del tricolor, por eso fue que cuando Chon Orihuela lleg\u00f3 como candidato, al \u00a0gobierno del estado encontr\u00f3 un PRI desarticulado, y no tuvo tiempo de fortalecerlo por lo cual, esa fue una de las principales causas de su derrota.<\/p>\n<p>Guillermo Valencia recuerda que desde el 2006, el PRI estatal no cuenta con un dirigente elegido por los priistas, por lo cual considera pertinente que como est\u00e1n las cosas, debe haber una convocatoria para que a final de cuentas, sean los priistas michoacanos, quienes elijan a su dirigente estatal con lo cual se conformar\u00eda un comit\u00e9 fuerte, s\u00f3lido para iniciar primero la reestructuraci\u00f3n y posteriormente, el fortalecimiento del PRI michoacano y dejar de ser juguete de la dirigencia nacional del tricolor.<\/p>\n<p>LA CNTE PRINCIPAL OBSTACULO PARA EL DESARROLLO<\/p>\n<p>Los integrantes del Fucidim encabezados por\u00a0 Roberto Ram\u00edrez, volvieron a poner el dedo en la llaga, dijeron que la educaci\u00f3n en Michoac\u00e1n, no puede seguir siendo reh\u00e9n de grupos radicales como la CNTE, grupo magisterial que solamente piensa en defender sus intereses, nunca en mejorar la educaci\u00f3n de los escolares y desde luego usted recordar\u00e1 que hemos tocado el tema, en varias ocasiones y coincidimos con los integrantes del Fucidim es m\u00e1s, estamos seguros que mientras no se convenza a los maestros democr\u00e1ticos, de dejar de ahogar a Morelia, como al estado seguiremos hasta el fondo del desarrollo nacional.<\/p>\n<p>SILVANO Y ALFONSO: LA CNTE PODRIA SER SU WATERLOO<\/p>\n<p>Estamos de acuerdo con los integrantes del Fucidim, pero vamos un poco m\u00e1s all\u00e1, estamos seguros que tanto los normalistas como los democr\u00e1ticos, dirigidos por Juan Jos\u00e9 Ortega se podr\u00edan convertir, en el Waterloo tanto de Alfonso Mart\u00ednez como de Silvano Aureoles, porque si no hacen nada para involucrarlos, en el desarrollo de Morelia\u00a0 y de Michoac\u00e1n, no podr\u00e1n hacer mayor cosa, tanto por la capital del estado como de Michoac\u00e1n, porque tambi\u00e9n les hemos comentado, sobre todos los recursos que tiene Michoac\u00e1n y Morelia, para convergirse\u00a0 en una de las ciudades m\u00e1s pr\u00f3speras del pa\u00eds, e igual con Michoac\u00e1n.<\/p>\n<p>Pero tanto secuestro de autobuses, camiones de transporte, unidades oficiales y la inseguridad e incertidumbre, que provocan\u00a0 los bloqueos a las carreteras, las que sean tanto federales como estatales, hacen a Morelia y a Michoac\u00e1n \u00a0inviables para la instalaci\u00f3n de empresas, que vinieran para aprovecha el recurso humano y natural que hay en Michoac\u00e1n,\u00a0 en todas las regiones, la que usted guste la costa, la Tierra Caliente, la meseta en fin la regi\u00f3n que guste, ah\u00ed tiene Michoac\u00e1n bastante que ofrecer para el desarrollo del estado.<\/p>\n<p>EL DERECHO DE LOS NI\u00d1OS A LA EDUCACION, PRIMORDIAL<\/p>\n<p>Estamos seguros que despu\u00e9s de la declaraci\u00f3n, de la Suprema Corte de Justicia de la Naci\u00f3n, sobre la primac\u00eda del derecho de los ni\u00f1os a una educaci\u00f3n de calidad, el cual\u00a0 declar\u00f3 est\u00e1 por encima de los derechos laborables de los maestros, permitir\u00e1 que el gobierno federal, pueda aplicar la ley a los casos espec\u00edficos de los democr\u00e1ticos, aunque los dirigentes en forma por dem\u00e1s injusta se atreven a retar al Gobierno federal, el cual constitucionalmente tiene el monopolio de la fuerza,\u00a0 las facultades legales para sancionar esas acciones violentas, de los maestros solamente bastar\u00eda con aplicar la ley y listo, no es necesario m\u00e1s agresividad contra los maestros, solamente se les debe tratar como a cualquier \u00a0ciudadano. As\u00ed tanto Alfonso y Silvano, si no saben manejar este problema, ser\u00e1n un fracaso en sus administraciones.<\/p>\n<p>JARA, GABINO Y VELASCO ANTE EL SENADO<\/p>\n<p>La Comisi\u00f3n Permanente del Congreso de la Uni\u00f3n,\u00a0 ha invitado a los gobernadores de Michoac\u00e1n Salvador Jara,\u00a0 de Chiapas Manuel Velasco y al\u00a0 de Oaxaca Gabino Cu\u00e9, para que expongan sus experiencias \u00a0y visi\u00f3n, sobre la problem\u00e1tica, retos, necesidades y perspectivas, en la implementaci\u00f3n del servicio profesional y evaluaci\u00f3n docente, como el primer paso para empezar a aplicar el derecho, a los integrantes de la CNTE,\u00a0 los cuales obviamente han cometido flagarantes violaciones a la ley, amparados en el anonimato que les conceden las capuchas que se ponen, para eludir las sanciones de la ley.<\/p>\n<p>Michoac\u00e1n, Chiapas y Oaxaca son los estados donde la reforma educativa ha sido rechazada con mayor vehemencia, y desde luego tambi\u00e9n deber\u00e1 ser\u00a0 convocado al senado, el gobernador de Guerrero, nos extra\u00f1a que no lo hayan hecho porque\u00a0 en Guerrero, igual que en Michoac\u00e1n se oponen a la aplicaci\u00f3n, de la reforma educativa y de verdad, estos estados no tendr\u00e1n ni una oportunidad de mejorar, su\u00a0 desarrollo econ\u00f3mico si no ponen bajo control, a este grupo magisterial, a quien solamente se exige al gobierno federal, aplique la ley sin adjetivos, solamente la ley.<\/p>\n<p>REDUCIRAN DISTRITOS ESTATALES EN DICIEMBRE<\/p>\n<p>Ya se trabaja\u00a0 de la mano con el INE, para reducir el n\u00famero de distritos electorales en Michoac\u00e1n, como usted sabe hoy tenemos 24 distritos electorales estatales, y 16 diputaciones plurinominales, y estamos de acuerdo en que se reduzcan las diputaciones plurinominales, no su desaparici\u00f3n pero si consideramos pertinente su reducci\u00f3n,\u00a0 y en cuanto al os\u00a0\u00a0 distritos estatales, podr\u00edan desaparecer los distritos de Huetamo y Coalcom\u00e1n, porque ha disminuido la poblaci\u00f3n en forma por dem\u00e1s dr\u00e1stica, principalmente por la inseguridad que se ha registrado en\u00a0 esos distritos estatales electorales, as\u00ed se redujo hace a\u00f1os \u00a0el n\u00famero de distritos federales de trece, se redujo uno quedando como usted sabe en12.<\/p>\n<p>&nbsp;<\/p>\n<p>&nbsp;<\/p>\n<p>&nbsp;<\/p>\n<p>&nbsp;<\/p>\n<p>&nbsp;<\/p>\n<p>&nbsp;<\/p>\n<p>&nbsp;<\/p>\n","protected":false},"excerpt":{"rendered":"<p>+ PRI, MEMO POR LA DIRIGENCIA<br \/>\n+ EDUCACION REHEN DE LA CNTE<br \/>\n+ AL SENADO JARA-CUE-VELASCO<br \/>\n+ REDUCIRAN DISTRITOS LOCALES<\/p>\n","protected":false},"author":1,"featured_media":0,"comment_status":"open","ping_status":"open","sticky":false,"template":"","format":"standard","meta":{"footnotes":""},"categories":[4,14,10],"tags":[],"class_list":["post-16383","post","type-post","status-publish","format-standard","hentry","category-columnistas","category-destacadas","category-juan-manuel-belmonte"],"_links":{"self":[{"href":"https:\/\/radiowebmx.com\/nota\/wp-json\/wp\/v2\/posts\/16383","targetHints":{"allow":["GET"]}}],"collection":[{"href":"https:\/\/radiowebmx.com\/nota\/wp-json\/wp\/v2\/posts"}],"about":[{"href":"https:\/\/radiowebmx.com\/nota\/wp-json\/wp\/v2\/types\/post"}],"author":[{"embeddable":true,"href":"https:\/\/radiowebmx.com\/nota\/wp-json\/wp\/v2\/users\/1"}],"replies":[{"embeddable":true,"href":"https:\/\/radiowebmx.com\/nota\/wp-json\/wp\/v2\/comments?post=16383"}],"version-history":[{"count":1,"href":"https:\/\/radiowebmx.com\/nota\/wp-json\/wp\/v2\/posts\/16383\/revisions"}],"predecessor-version":[{"id":16384,"href":"https:\/\/radiowebmx.com\/nota\/wp-json\/wp\/v2\/posts\/16383\/revisions\/16384"}],"wp:attachment":[{"href":"https:\/\/radiowebmx.com\/nota\/wp-json\/wp\/v2\/media?parent=16383"}],"wp:term":[{"taxonomy":"category","embeddable":true,"href":"https:\/\/radiowebmx.com\/nota\/wp-json\/wp\/v2\/categories?post=16383"},{"taxonomy":"post_tag","embeddable":true,"href":"https:\/\/radiowebmx.com\/nota\/wp-json\/wp\/v2\/tags?post=16383"}],"curies":[{"name":"wp","href":"https:\/\/api.w.org\/{rel}","templated":true}]}}