{"id":16380,"date":"2015-06-30T17:22:13","date_gmt":"2015-06-30T22:22:13","guid":{"rendered":"https:\/\/radiowebmx.com\/nota\/?p=16380"},"modified":"2015-06-30T17:22:13","modified_gmt":"2015-06-30T22:22:13","slug":"temas-de-cafe-330","status":"publish","type":"post","link":"https:\/\/radiowebmx.com\/nota\/temas-de-cafe-330\/","title":{"rendered":"TEMAS DE CAF\u00c9"},"content":{"rendered":"<p><a href=\"https:\/\/radiowebmx.com\/nota\/wp-content\/uploads\/2013\/06\/temas-de-cafe.jpg\"><img loading=\"lazy\" decoding=\"async\" class=\"alignleft size-full wp-image-2805\" alt=\"temas de cafe\" src=\"https:\/\/radiowebmx.com\/nota\/wp-content\/uploads\/2013\/06\/temas-de-cafe.jpg\" width=\"295\" height=\"171\" \/><\/a>+ TIERRA DE CARTELES: JULIO 2<\/p>\n<p>+ MIRELES Y LAS AUTODEFENSAS<\/p>\n<p>+ LA INTEGRACION DE AMERICA<\/p>\n<p>+ EL BRONCO, VERDAD O MENTIRA<\/p>\n<p>PUNTA CANA, Santo Domingo, a 29 de junio del 2015.-Las autodefensas y los c\u00e1rteles de Michoac\u00e1n, llegaron a la pantalla grande lo cual seguramente har\u00e1 que\u00a0 este problema, sea tratado en forma diferente, ante la presi\u00f3n de la opini\u00f3n mundial, porque ahora todo se convierte en tema internacional, por el efecto de las comunicaciones instant\u00e1neas, as\u00ed tenemos que este jueves dos de julio, se estrenar\u00e1 en las pantallas mexicanas, el documental Tierra de C\u00e1rteles, que describe el levantamiento de las autodefensas en Michoac\u00e1n, ante el clima de inseguridad y violencia que se viv\u00eda en la Tierra Caliente, y los personajes centrales son desde luego el doctor Jos\u00e9 Manuel Mireles, Pap\u00e1 Pitufo e Hip\u00f3lito Mora quienes a principio del 2013, se reunieron y proyectaron crear una guerra, para defender sus familias y patrimonio, ante la ausencia del estado.<\/p>\n<p>REAPARICION DE LOS TEMPLARIOS<\/p>\n<p>La presentaci\u00f3n de este documental, se hace justo cuando la organizaci\u00f3n llamada Los Caballeros Templarios, dio a conocer por medio de las redes sociales, que se encargar\u00e1 de la seguridad y limpia, en todo el estado de Michoac\u00e1n, van contra dijo de los secuestros, las extorsiones y la venta de drogas en territorio michoacano, no se comenta en ese comunicado sobre\u00a0 la lucha, contra la venta de drogas hacia fuera de Michoac\u00e1n, lo cual parece que los tiene sin problemas,\u00a0 y la verdad estar\u00edamos de acuerdo en este aspecto.<\/p>\n<p>EXIGENCIA DE LA LIBERTAD DE MIRELES<\/p>\n<p>Consideramos que este documental ser\u00e1, de vital importancia para la posible liberaci\u00f3n del doctor Jos\u00e9 Manuel Mireles Valverde, quien como usted recuerda, se encuentra recluido en un centro de alta seguridad, en el estado\u00a0 de Sonora a pesar de que no se le ha podido demostrar a plenitud su culpabilidad, y su estado es deplorable y se tiene la idea que la detenci\u00f3n de Mireles, m\u00e1s bien obedeci\u00f3 a una capricho del ex comisionado en Michoac\u00e1n, para seguridad y desarrollo econ\u00f3mico.<\/p>\n<p>Como se encuentra la situaci\u00f3n hoy, parece que se puede calificar al trabajo de Castillo, como un aut\u00e9ntico fracaso, porque la inseguridad se mantiene a tal grado que los Caballeros Templarios, vuelven a dar a conocer, que ellos se encargar\u00e1n de la seguridad de los michoacanos, como lo hicieron hace varios a\u00f1os, cuando hicieron lo mismo posteriormente se fueron perdiendo en el camino, as\u00ed nacieron para proteger a los michoacanos, de los integrantes de los c\u00e1rteles principalmente de los Zetas.<\/p>\n<p>Les hemos comentado en varias ocasiones, que las autodefensas fueron responsables del avance, que se lograron contra la inseguridad, contra los grupos de delincuentes, que pertenec\u00edan a grupos como el Chayo,\u00a0 La Tuta y todos los personajes que usted conoce perfectamente bien, quienes cometieron excesos a tal grado que fue necesario, el surgimiento de las autodefensas, con cierto apoyo como adiestramiento el gobierno federal, y armamento porque era obvio y lo es ahora, que el ej\u00e9rcito y la marina, por buenas que sean, no pudieron ser efectivos porque no conoc\u00edan, ni los caminos de Michoac\u00e1n ni a los delincuentes.<\/p>\n<p>Este\u00a0 documental fue dirigido por el norteamericano Matew Heineman, y fue producido por\u00a0 Kathryn Bigelov quien ya ha ganado un Oscar, por sus trabajos, por lo cual la elaboraci\u00f3n de este documental, tiene escenas impactantes y la presencia de los jefes de las autodefensas, mostrando el porqu\u00e9 de su surgimiento y fortalecimiento, ante esto existe una expectaci\u00f3n enorme por ver este documental, en las salas cinematogr\u00e1ficas del pa\u00eds, e inmediatamente despu\u00e9s se har\u00e1 en los Estados Unidos, inicialmente\u00a0 se empezar\u00e1 con 75 copias.<\/p>\n<p>EL MC PRESIONA PARA LA LIBERACION DE MIRELES<\/p>\n<p>Desde hace d\u00edas principalmente, desde que se dio a conocer la presentaci\u00f3n de este documental, Daniel Moncada dirigente estatal de ese partido, increment\u00f3 la presi\u00f3n para que liberen a Mireles, quien como usted sabe en los d\u00edas posteriores, al levantamiento de las autodefensas, el doctor Mireles se convirti\u00f3 en l\u00edder del movimiento, que agrup\u00f3 a diversos sectores y pronto medi\u00e1ticamente, Mireles se convirti\u00f3 en \u00edcono del movimiento, y aument\u00f3 su popularidad lo cual no gust\u00f3 nada al comisionado, porque le hac\u00eda sombra por ese\u00a0 le invent\u00f3 algunos delitos, que reiteramos no se le han podido demostrar, por lo cual es posible que el doctor Mireles quede libre en unas semanas m\u00e1s.<\/p>\n<p>LA INTEGRACI\u00d3N LATINOAMERICANA, TARDE O TEMPRANO<\/p>\n<p>Despu\u00e9s de la clausura de la VII Cumbre Mundial de Comunicaci\u00f3n Pol\u00edtica, que se desarroll\u00f3 por tres d\u00edas en Santo Domingo, se present\u00f3 la pr\u00f3xima sede de esta cumbre, que se realizar\u00e1 los primeros d\u00edas de diciembre de este a\u00f1o en Lima, capital del Per\u00fa, y la anterior Cumbre se realiz\u00f3 en M\u00e9xico, concretamente en el DF adem\u00e1s de que tambi\u00e9n se han realizado estas cumbres en Buenos Aires en Argentina, y posteriormente en\u00a0 Cartagena de Indias en Colombia, y anteriormente se hab\u00eda realizado<\/p>\n<p>En la ciudad de Guadalajara, por lo cual estas cumbres sirven para impulsar la integraci\u00f3n de Latinoam\u00e9rica.<\/p>\n<p>AMERICA ES UN GIGANTE DORMIDO<\/p>\n<p>Imagine usted el d\u00eda en que los 39 pa\u00edses latinoamericanos, logren su integraci\u00f3n con todos sus recursos, con todas las posibilidades de desarrollo, ese d\u00eda Am\u00e9rica Latina se convertir\u00e1 en uno de los gigantes en el desarrollo econ\u00f3mico en el mundo, porque\u00a0 Am\u00e9rica Latina tiene grandes expectativas de desarrollo, por ejemplo La Uni\u00f3n Europea, tiene problemas con el idioma, con las etnias, las diferentes razas, iguales aspectos se tienen en el oriente donde predomina Rusia, India, China y dem\u00e1s pa\u00edses, tienen diferentes idiomas, etnias y religiones.<\/p>\n<p>Mientras eso sucede en Am\u00e9rica desde M\u00e9xico hasta Chile, tenemos casi la misma lengua, la misma idiosincrasia, los mismos genes, somos mestizos en su mayor\u00eda, y desde hace d\u00e9cadas, la educaci\u00f3n ha estado mejorando bastante, por lo cual en unos a\u00f1os m\u00e1s, se contar\u00e1 con un ej\u00e9rcito de j\u00f3venes preparados, listos para manejar su destino, no como lo hace ahora principalmente Estados Unidos, llegar\u00e1 un d\u00eda no muy distante, cuando Am\u00e9rica Latina se convertir\u00e1 en una fuerza integrada, econ\u00f3micamente y despu\u00e9s pol\u00edticamente, parece imposible pero se tendr\u00e1 que dar. Lo vemos ac\u00e1, se tiene una fuerza vital importante.<\/p>\n<p>EL BRONCO, SU PRIMERA BRONCA, \u00bfVERDAD O MENTIRA?<\/p>\n<p>En uno de los portales de noticias m\u00e1s importantes, en la red de internet puede usted encontrar a SDP Noticias, donde Lil\u00ed T\u00e9llez tiene una columna digital, en ella dio a conocer las <a href=\"file:\/\/\/D:\/Documents%20and%20Settings\/carlos\/Mis%20documentos\/Downloads\/notas\/attachment.docx#_msocom_1\">[Jmbb1]<\/a>\u00a0amenazas que le han hecho, al Bronco, o sea Jaime Rodr\u00edguez, candidato independiente electo, gan\u00f3 \u00a0el proceso electoral para gobernar el estado de Nuevo Le\u00f3n, lo que ha generado incertidumbre porque parece que el Bronco, se ha extralimitado en su b\u00fasqueda por el gobierno, y se comenta que este suceso puede ser falso, solamente para consolidar su figura, porque Lil\u00ed T\u00e9llez tiene una gama de inventar sucesos, con la idea de ganar simpat\u00edas y popularidad. Esperamos que el Bronco se detenga ya, que se entere que gan\u00f3 y se ponga a trabajar en serio, para poder hacer un buen gobierno.<\/p>\n<p>WILFRIDO HACE UN LLAMADO A LA UNIDAD PRIISTA<\/p>\n<p>El PRI como primera fuerza pol\u00edtica de oposici\u00f3n en el estado, no debe dedicarse a administrar la derrota, ni a lamer sus heridas, ni debe dar espacio para el lucimiento personal,\u00a0 pero si se debe presentar un \u00a0trabajo intenso para mantener la unidad, afirm\u00f3 que es tiempo de convocar a un pacto donde participen los j\u00f3venes y todos, y est\u00e9n presentes todos los grupos pol\u00edticos, al interior del PRI Michoacano ya que dijo que en la campa\u00f1a pasada, en la cual perdi\u00f3 Chon Orihuela pudo constatar, la existencia de un valioso grupo de j\u00f3venes, que\u00a0 seguramente ser\u00e1n quienes fortalezcan al partido, en toda la entidad.<\/p>\n<p>En este aspecto dijo Wilfrido L\u00e1zaro, coordinador de la campa\u00f1a de Chon dijo que se debe reconocer el trabajo de todos los integrantes del PRI estatal, y trabajar para apoyar y ayudar a los gobiernos municipales que ganamos en este\u00a0 proceso pasado, as\u00ed como a los diputados tanto locales como federales, para integrar una fuerza\u00a0 integral, ordenada\u00a0 y responsable que sea \u00fatil para el desarrollo de Michoac\u00e1n, porque desde luego el PRI no se opondr\u00e1 al gobierno estatal, al contrario har\u00e1 lo necesario, para aportar lo necesario para sacar todos juntos, a Michoac\u00e1n de su atraso y enfrentar los problemas que tiene, en forma inteligente y civilizada.<\/p>\n<p>&nbsp;<\/p>\n<div>\n<hr align=\"left\" size=\"1\" width=\"33%\" \/>\n<div>\n<div>\n<p>\u00a0<a href=\"file:\/\/\/D:\/Documents%20and%20Settings\/carlos\/Mis%20documentos\/Downloads\/notas\/attachment.docx#_msoanchor_1\">[Jmbb1]<\/a>Menexzas de<\/p>\n<\/div>\n<\/div>\n<\/div>\n","protected":false},"excerpt":{"rendered":"<p>+ TIERRA DE CARTELES: JULIO 2<br \/>\n+ MIRELES Y LAS AUTODEFENSAS<br \/>\n+ LA INTEGRACION DE AMERICA<br \/>\n+ EL BRONCO, VERDAD O MENTIRA<\/p>\n","protected":false},"author":1,"featured_media":0,"comment_status":"open","ping_status":"open","sticky":false,"template":"","format":"standard","meta":{"footnotes":""},"categories":[14,9],"tags":[],"class_list":["post-16380","post","type-post","status-publish","format-standard","hentry","category-destacadas","category-morelia"],"_links":{"self":[{"href":"https:\/\/radiowebmx.com\/nota\/wp-json\/wp\/v2\/posts\/16380","targetHints":{"allow":["GET"]}}],"collection":[{"href":"https:\/\/radiowebmx.com\/nota\/wp-json\/wp\/v2\/posts"}],"about":[{"href":"https:\/\/radiowebmx.com\/nota\/wp-json\/wp\/v2\/types\/post"}],"author":[{"embeddable":true,"href":"https:\/\/radiowebmx.com\/nota\/wp-json\/wp\/v2\/users\/1"}],"replies":[{"embeddable":true,"href":"https:\/\/radiowebmx.com\/nota\/wp-json\/wp\/v2\/comments?post=16380"}],"version-history":[{"count":1,"href":"https:\/\/radiowebmx.com\/nota\/wp-json\/wp\/v2\/posts\/16380\/revisions"}],"predecessor-version":[{"id":16381,"href":"https:\/\/radiowebmx.com\/nota\/wp-json\/wp\/v2\/posts\/16380\/revisions\/16381"}],"wp:attachment":[{"href":"https:\/\/radiowebmx.com\/nota\/wp-json\/wp\/v2\/media?parent=16380"}],"wp:term":[{"taxonomy":"category","embeddable":true,"href":"https:\/\/radiowebmx.com\/nota\/wp-json\/wp\/v2\/categories?post=16380"},{"taxonomy":"post_tag","embeddable":true,"href":"https:\/\/radiowebmx.com\/nota\/wp-json\/wp\/v2\/tags?post=16380"}],"curies":[{"name":"wp","href":"https:\/\/api.w.org\/{rel}","templated":true}]}}