{"id":16373,"date":"2015-06-29T12:49:30","date_gmt":"2015-06-29T17:49:30","guid":{"rendered":"https:\/\/radiowebmx.com\/nota\/?p=16373"},"modified":"2015-06-29T12:49:30","modified_gmt":"2015-06-29T17:49:30","slug":"inician-cierres-regionales-de-prevencion-y-control-de-incendios-forestales","status":"publish","type":"post","link":"https:\/\/radiowebmx.com\/nota\/inician-cierres-regionales-de-prevencion-y-control-de-incendios-forestales\/","title":{"rendered":"INICIAN CIERRES REGIONALES DE PREVENCI\u00d3N Y CONTROL DE INCENDIOS FORESTALES"},"content":{"rendered":"<p>Con la presente temporada de lluvias, autoridades de los tres niveles de gobierno iniciaron los cierres regionales de la Campa\u00f1a de Prevenci\u00f3n, Control y Combate de Incendios Forestales de este 2105.<\/p>\n<p>En este municipio, el director general de la Comisi\u00f3n Forestal del Estado (Cofom), Silvino Ch\u00e1vez Flores, clausur\u00f3 los trabajos destacando la participaci\u00f3n de los grupos de voluntarios, Ej\u00e9rcito, brigadistas y de Protecci\u00f3n Civil, los cuales de manera coordinada tomaron parte de este Programa.<\/p>\n<p>El funcionario estatal resalt\u00f3 que como parte de la Estrategia Nacional en materia de prevenci\u00f3n y combate de incendios forestales, en el Estado en 2014 se integr\u00f3 la propuesta de un Mando Unificado especialmente para hacer frente a la problem\u00e1tica que cada a\u00f1o se presenta en la entidad.<\/p>\n<p>Las instancias que conformaron el Mando fueron la Comisi\u00f3n Nacional Forestal (Conafor), la Comisi\u00f3n Forestal del Estado de Michoac\u00e1n (Cofom), la Comisi\u00f3n Nacional de \u00c1reas Protegidas (CONANP) y Protecci\u00f3n Civil, subray\u00f3.<\/p>\n<p>Dijo que la estrategia se present\u00f3 al Comit\u00e9 Estatal de Prevenci\u00f3n y Combate de Incendios Forestales y fue aprobada por el Consejo Estatal Forestal de Michoac\u00e1n, cre\u00e1ndose el Grupo Directivo conformado por los titulares de las dependencias del Mando Unificado y el Grupo T\u00e9cnico Operativo que lo integran t\u00e9cnicos expertos en estrategias de combate de Incendios forestales de las mismas dependencias, con experiencia de campo en la aplicaci\u00f3n de sistema de manejo de incidentes, as\u00ed como la operaci\u00f3n para el control de incendios.<\/p>\n<p>Resalt\u00f3 que para el caso de la Regi\u00f3n de Tierra Caliente, este 2015 al igual que en todo el estado, el n\u00famero de incendios y la superficie afectada fue por mucho menor a la de a\u00f1os anteriores.<\/p>\n<p>En esa Delegaci\u00f3n, la Cofom en coordinaci\u00f3n con la Conafor, silvicultores y \u00a0Ayuntamientos, integraron y operaron cuatro brigadas para la atenci\u00f3n de incendios forestales.<\/p>\n<p>Se realizaron reuniones de coordinaci\u00f3n y pl\u00e1ticas de difusi\u00f3n en ejidos y comunidades en donde se difundi\u00f3 la NOM-015, que regula el uso del fuego en el sector agropecuario y en centros educativos, esto como parte informativa-cultural.<\/p>\n<p>En materia de prevenci\u00f3n f\u00edsica, se realizaron actividades como son, brechas cortafuego, quemas controladas, l\u00edneas negras y otras acciones de manejo de combustible.<\/p>\n<p>En lo que respecta a atenci\u00f3n de incendios en esta regi\u00f3n, esta temporada se combatieron nueve incendios forestales que afectaron una superficie de 65 hect\u00e1reas, de estos, tres ocurrieron en Tac\u00e1mbaro, cuatro en Madero y dos en Turicato, que en relaci\u00f3n al a\u00f1o pasado, representa un 60 por ciento menos en n\u00famero de incendios y 80 por ciento menos en superficie afectada.<\/p>\n<p>El titular de la Cofom destac\u00f3 que durante el segundo semestre del a\u00f1o, en conjunto con la Conafor, continuar\u00e1n las acciones de capacitaci\u00f3n a brigadistas oficiales y grupos voluntarios.<\/p>\n<p>En cuanto al comportamiento de la temporada de este 2105, dijo que al momento se han presentado 222 incendios que han impactado sobre mil 130 hect\u00e1reas en su mayor\u00eda de material herb\u00e1ceo, siendo los municipios de mayor problem\u00e1tica: Uruapan, Morelia, Ario de Rosales y Aguililla.<\/p>\n","protected":false},"excerpt":{"rendered":"<p>Con la presente temporada de lluvias, autoridades de los tres niveles de gobierno iniciaron los cierres regionales de la Campa\u00f1a de Prevenci\u00f3n, Control y Combate de Incendios Forestales de este 2105.<\/p>\n","protected":false},"author":1,"featured_media":16374,"comment_status":"open","ping_status":"open","sticky":false,"template":"","format":"standard","meta":{"footnotes":""},"categories":[14,3],"tags":[],"class_list":["post-16373","post","type-post","status-publish","format-standard","has-post-thumbnail","hentry","category-destacadas","category-gobierno-del-estado-de-michoacan"],"_links":{"self":[{"href":"https:\/\/radiowebmx.com\/nota\/wp-json\/wp\/v2\/posts\/16373","targetHints":{"allow":["GET"]}}],"collection":[{"href":"https:\/\/radiowebmx.com\/nota\/wp-json\/wp\/v2\/posts"}],"about":[{"href":"https:\/\/radiowebmx.com\/nota\/wp-json\/wp\/v2\/types\/post"}],"author":[{"embeddable":true,"href":"https:\/\/radiowebmx.com\/nota\/wp-json\/wp\/v2\/users\/1"}],"replies":[{"embeddable":true,"href":"https:\/\/radiowebmx.com\/nota\/wp-json\/wp\/v2\/comments?post=16373"}],"version-history":[{"count":1,"href":"https:\/\/radiowebmx.com\/nota\/wp-json\/wp\/v2\/posts\/16373\/revisions"}],"predecessor-version":[{"id":16375,"href":"https:\/\/radiowebmx.com\/nota\/wp-json\/wp\/v2\/posts\/16373\/revisions\/16375"}],"wp:featuredmedia":[{"embeddable":true,"href":"https:\/\/radiowebmx.com\/nota\/wp-json\/wp\/v2\/media\/16374"}],"wp:attachment":[{"href":"https:\/\/radiowebmx.com\/nota\/wp-json\/wp\/v2\/media?parent=16373"}],"wp:term":[{"taxonomy":"category","embeddable":true,"href":"https:\/\/radiowebmx.com\/nota\/wp-json\/wp\/v2\/categories?post=16373"},{"taxonomy":"post_tag","embeddable":true,"href":"https:\/\/radiowebmx.com\/nota\/wp-json\/wp\/v2\/tags?post=16373"}],"curies":[{"name":"wp","href":"https:\/\/api.w.org\/{rel}","templated":true}]}}