{"id":16370,"date":"2015-06-29T12:47:53","date_gmt":"2015-06-29T17:47:53","guid":{"rendered":"https:\/\/radiowebmx.com\/nota\/?p=16370"},"modified":"2015-06-29T12:47:53","modified_gmt":"2015-06-29T17:47:53","slug":"michoacan-es-calificada-como-una-entidad-con-alto-nivel-de-transparencia-fiscal","status":"publish","type":"post","link":"https:\/\/radiowebmx.com\/nota\/michoacan-es-calificada-como-una-entidad-con-alto-nivel-de-transparencia-fiscal\/","title":{"rendered":"MICHOAC\u00c1N ES CALIFICADA COMO UNA ENTIDAD CON ALTO NIVEL DE TRANSPARENCIA FISCAL"},"content":{"rendered":"<p>Michoac\u00e1n avanz\u00f3 siete lugares en su calificaci\u00f3n como una entidad con un nivel alto en transparencia en materia fiscal, de acuerdo a la medici\u00f3n que cada a\u00f1o realiza la empresa consultora de an\u00e1lisis econ\u00f3mico y financiero para estados y municipios, A<i>regional<\/i>.<\/p>\n<p>En el a\u00f1o 2014, Michoac\u00e1n se ubic\u00f3 en la posici\u00f3n 24 entre las 32 entidades federativas del pa\u00eds y en el trabajo realizado por <i>Aregional<\/i> en este 2015, la evaluaci\u00f3n dio como resultados una calificaci\u00f3n de 85.25, lo cual le permiti\u00f3 avanzar siete posiciones y ahora se ubica en el lugar 17.<\/p>\n<p align=\"center\">\n<p>La medici\u00f3n del \u00cdndice de Transparencia y Disponibilidad de la Informaci\u00f3n Fiscal de las Entidades Federativas (ITDIF) se lleva a cabo anualmente, lo que permite dar un seguimiento continuo a las acciones de gobierno a favor de la transparencia fiscal, as\u00ed como observar la evoluci\u00f3n o retroceso de las entidades federativas en este importante t\u00f3pico. El prop\u00f3sito del ITDIF es medir en forma comparativa los esfuerzos que realiza cada entidad federativa para elevar la disponibilidad y calidad de la informaci\u00f3n fiscal de su administraci\u00f3n.<\/p>\n<p>En la versi\u00f3n 2015, el ITDIF se centr\u00f3 en: analizar el esfuerzo de las 32 entidades federativas en la armonizaci\u00f3n contable de la informaci\u00f3n fiscal y financiera presentada en la Ley de Ingresos y el Presupuesto de Egresos, el informe del ejercicio y destino del gasto federalizado y los posibles reintegros, el Programa Anual de Evaluaciones y los resultados de las mismas, los Informes de Finanzas P\u00fablicas y de Deuda P\u00fablica; as\u00ed como el seguimiento a los acuerdos de distribuci\u00f3n de los recursos por Aportaciones y Participaciones Federales a municipios, finalmente el contenido m\u00ednimo del Presupuesto ciudadano.<\/p>\n<p>De igual forma, cabe destacar que en la informaci\u00f3n presentada para la presente evaluaci\u00f3n, la misma fue publicada por primera vez en el formato de Datos Abiertos, que permite a los particulares hacer sus propias estad\u00edsticas con la informaci\u00f3n presentada por el Gobierno del Estado.<\/p>\n<p>Dicha publicaci\u00f3n en los llamados Datos Abiertos, obedeci\u00f3 al acuerdo que aprob\u00f3 el gobernador Salvador Jara Guerrero, conjuntamente con los miembros del COTITAI (Comit\u00e9 de Transparencia y Acceso a la Informaci\u00f3n), a propuesta de Jos\u00e9 Antonio Macouzet Guerrero, director de Transparencia y Acceso a la Informaci\u00f3n del Poder Ejecutivo, quien en dicha reuni\u00f3n explic\u00f3 a los miembros del Comit\u00e9, la pertinencia de la publicaci\u00f3n de la Informaci\u00f3n en formato de Datos Abiertos, lo que fue tomado en cuenta en la reciente evaluaci\u00f3n de la empresa <i>Aregional<\/i>, conforme a los lineamientos de evaluaci\u00f3n emitidos por la misma.<\/p>\n<p>La revisi\u00f3n y evaluaci\u00f3n se llev\u00f3 a cabo en los t\u00e9rminos que establece la metodolog\u00eda que <i>Aregional<\/i> envi\u00f3 a las entidades federativas por v\u00eda electr\u00f3nica y public\u00f3 en su portal electr\u00f3nico en marzo del presente a\u00f1o. La informaci\u00f3n evaluada est\u00e1 dividida en seis bloques: <i>Bloque I \u201cMarco Regulatorio\u201d, Bloque II \u201cCostos Operativos\u201d, Bloque III \u201cMarco Program\u00e1tico Presupuestal\u201d, Bloque IV \u201cRendici\u00f3n de Cuentas\u201d, Bloque V \u201c Evaluaci\u00f3n de Resultados\u201d y Bloque VI \u201cEstad\u00edsticas Fiscales\u201d<\/i> , obteniendo en este 2015 una mejora en cada uno de los bloques, como se muestra en la siguiente gr\u00e1fica:<\/p>\n<p>&nbsp;<\/p>\n<p>El Gobierno del Estado, a trav\u00e9s de la Direcci\u00f3n de Transparencia y Acceso a la Informaci\u00f3n y en coordinaci\u00f3n con la Secretar\u00eda de Finanzas y Administraci\u00f3n, Coordinaci\u00f3n de Planeaci\u00f3n y Desarrollo, Secretar\u00eda de Gobierno, Comit\u00e9 de Adquisiciones del Poder Ejecutivo, Secretar\u00eda de Comunicaciones y Obras P\u00fablicas, Secretar\u00eda de Urbanismo y Medio Ambiente, Secretar\u00eda de Cultura, Junta de Caminos, Comisi\u00f3n Estatal de Agua y Gesti\u00f3n de Cuencas, Comisi\u00f3n Coordinadora del Transporte P\u00fablico del Estado y el Instituto de Infraestructura F\u00edsica Educativa del Estado de Michoac\u00e1n, reafirma con esta calificaci\u00f3n el compromiso establecido en el Plan Integral de Desarrollo, en el eje 5 \u201cUn gobierno eficiente, transparente y al servicio de la gente\u201d.<\/p>\n","protected":false},"excerpt":{"rendered":"<p>Michoac\u00e1n avanz\u00f3 siete lugares en su calificaci\u00f3n como una entidad con un nivel alto en transparencia en materia fiscal, de acuerdo a la medici\u00f3n que cada a\u00f1o realiza la empresa consultora de an\u00e1lisis econ\u00f3mico y financiero para estados y municipios, Aregional.<\/p>\n","protected":false},"author":1,"featured_media":16371,"comment_status":"open","ping_status":"open","sticky":false,"template":"","format":"standard","meta":{"footnotes":""},"categories":[14,3],"tags":[],"class_list":["post-16370","post","type-post","status-publish","format-standard","has-post-thumbnail","hentry","category-destacadas","category-gobierno-del-estado-de-michoacan"],"_links":{"self":[{"href":"https:\/\/radiowebmx.com\/nota\/wp-json\/wp\/v2\/posts\/16370","targetHints":{"allow":["GET"]}}],"collection":[{"href":"https:\/\/radiowebmx.com\/nota\/wp-json\/wp\/v2\/posts"}],"about":[{"href":"https:\/\/radiowebmx.com\/nota\/wp-json\/wp\/v2\/types\/post"}],"author":[{"embeddable":true,"href":"https:\/\/radiowebmx.com\/nota\/wp-json\/wp\/v2\/users\/1"}],"replies":[{"embeddable":true,"href":"https:\/\/radiowebmx.com\/nota\/wp-json\/wp\/v2\/comments?post=16370"}],"version-history":[{"count":1,"href":"https:\/\/radiowebmx.com\/nota\/wp-json\/wp\/v2\/posts\/16370\/revisions"}],"predecessor-version":[{"id":16372,"href":"https:\/\/radiowebmx.com\/nota\/wp-json\/wp\/v2\/posts\/16370\/revisions\/16372"}],"wp:featuredmedia":[{"embeddable":true,"href":"https:\/\/radiowebmx.com\/nota\/wp-json\/wp\/v2\/media\/16371"}],"wp:attachment":[{"href":"https:\/\/radiowebmx.com\/nota\/wp-json\/wp\/v2\/media?parent=16370"}],"wp:term":[{"taxonomy":"category","embeddable":true,"href":"https:\/\/radiowebmx.com\/nota\/wp-json\/wp\/v2\/categories?post=16370"},{"taxonomy":"post_tag","embeddable":true,"href":"https:\/\/radiowebmx.com\/nota\/wp-json\/wp\/v2\/tags?post=16370"}],"curies":[{"name":"wp","href":"https:\/\/api.w.org\/{rel}","templated":true}]}}