{"id":16367,"date":"2015-06-29T12:46:18","date_gmt":"2015-06-29T17:46:18","guid":{"rendered":"https:\/\/radiowebmx.com\/nota\/?p=16367"},"modified":"2015-06-29T12:46:18","modified_gmt":"2015-06-29T17:46:18","slug":"grupo-canaveral-celebra-su-20-aniversario-con-presentacion-en-la-expo-feria-michoacan-2015","status":"publish","type":"post","link":"https:\/\/radiowebmx.com\/nota\/grupo-canaveral-celebra-su-20-aniversario-con-presentacion-en-la-expo-feria-michoacan-2015\/","title":{"rendered":"GRUPO CA\u00d1AVERAL CELEBRA SU 20 ANIVERSARIO CON PRESENTACI\u00d3N EN LA EXPO FERIA MICHOAC\u00c1N 2015"},"content":{"rendered":"<p>Con un Teatro del Pueblo a su m\u00e1xima capacidad, Grupo Ca\u00f1averal celebr\u00f3 dos d\u00e9cadas de trayectoria en la M\u00e1xima Fiesta del Estado, donde todos los asistentes bailaron al ritmo de la cumbia que la agrupaci\u00f3n ofreci\u00f3 durante dos horas.<\/p>\n<p>En conferencia de prensa previa a la presentaci\u00f3n, Emir Pav\u00f3n, hijo del l\u00edder del grupo, Humberto Pav\u00f3n, dijo sentirse privilegiado por la invitaci\u00f3n que por segunda vez consecutiva recibi\u00f3 para acudir a la Expo Feria Michoac\u00e1n, resaltando la hospitalidad y la organizaci\u00f3n de este gran evento.<\/p>\n<p>Se\u00f1al\u00f3 que el festejo por los 20 a\u00f1os de carrera art\u00edstica, dio inicio con la creaci\u00f3n del Disco Cumbia M\u00e9xico, material que consta de tres vol\u00famenes con 10 artistas invitados, que van desde del g\u00e9nero pop hasta el g\u00e9nero grupero; seguido de una gira de conciertos en que se incluy\u00f3 a Michoac\u00e1n, y que culminar\u00e1 en la ciudad de M\u00e9xico con espect\u00e1culo masivo.<\/p>\n<p>Emir explic\u00f3 que la mayor influencia en el \u00e1mbito art\u00edstico es su padre Humberto Pav\u00f3n, al cual le agradeci\u00f3 todas las experiencias y el aprendizaje, y detall\u00f3 que la mayor parte de su inspiraci\u00f3n tambi\u00e9n es gracias a su familia, pues creci\u00f3 en medio de los escenarios y con la oportunidad de cantar desde peque\u00f1o con grandes artistas.<\/p>\n<p>Por su parte, Humberto Pav\u00f3n coment\u00f3 que despu\u00e9s de m\u00e1s de 40 a\u00f1os de carrera profesional, tiene la energ\u00eda y el entusiasmo por continuar en los escenarios, por lo que seguir\u00e1 esforz\u00e1ndose para dar m\u00e1s de su trabajo al p\u00fablico.<\/p>\n<p>Al salir al escenario, padre e hijo deleitaron a todo el p\u00fablico con \u00e9xitos como: \u201cTiene espinas el rosal\u201d y \u201cNo te voy a perdonar\u201d, temas con los que pusieron a bailar al p\u00fablico asistente al Teatro del Pueblo, haciendo de la noche un momento ameno y completamente familiar.<\/p>\n<p>Emir Pav\u00f3n y Grupo Ca\u00f1averal complacieron a chicos y grandes bromeando, e incluso invitaron al escenario a una fan con quien bailaron y cantaron un cover de Luis Miguel titulado \u201cPor debajo de la mesa\u201d. El vocalista baj\u00f3 tambi\u00e9n del escenario para tener contacto directo con su p\u00fablico, y ah\u00ed, desde las gradas del Teatro del Pueblo, cant\u00f3 uno m\u00e1s de sus grandes \u00e9xitos.<\/p>\n<p>Para finalizar la exitosa noche, Emir puntualiz\u00f3: \u201cGracias una vez m\u00e1s a la gente de Morelia y a los organizadores de la Expo Feria Michoac\u00e1n 2015, por mantener este tipo de ambientes tan sanos y familiares\u201d. Y fue de esta manera, que despu\u00e9s de dos horas de baile, Grupo Ca\u00f1averal se despidi\u00f3 de un gran p\u00fablico.<\/p>\n<p>&nbsp;<\/p>\n<p>Para mayor informaci\u00f3n sobre las actividades de la Expo Feria Michoac\u00e1n 2015, los interesados pueden consultar en redes sociales: Facebook.com\/ExpoFeriaMichoacan; Twitter: @eferiamich e Instagram: @feriagram.<\/p>\n","protected":false},"excerpt":{"rendered":"<p>Con un Teatro del Pueblo a su m\u00e1xima capacidad, Grupo Ca\u00f1averal celebr\u00f3 dos d\u00e9cadas de trayectoria en la M\u00e1xima Fiesta del Estado, donde todos los asistentes bailaron al ritmo de la cumbia que la agrupaci\u00f3n ofreci\u00f3 durante dos horas.<\/p>\n","protected":false},"author":1,"featured_media":16368,"comment_status":"open","ping_status":"open","sticky":false,"template":"","format":"standard","meta":{"footnotes":""},"categories":[14,3],"tags":[],"class_list":["post-16367","post","type-post","status-publish","format-standard","has-post-thumbnail","hentry","category-destacadas","category-gobierno-del-estado-de-michoacan"],"_links":{"self":[{"href":"https:\/\/radiowebmx.com\/nota\/wp-json\/wp\/v2\/posts\/16367","targetHints":{"allow":["GET"]}}],"collection":[{"href":"https:\/\/radiowebmx.com\/nota\/wp-json\/wp\/v2\/posts"}],"about":[{"href":"https:\/\/radiowebmx.com\/nota\/wp-json\/wp\/v2\/types\/post"}],"author":[{"embeddable":true,"href":"https:\/\/radiowebmx.com\/nota\/wp-json\/wp\/v2\/users\/1"}],"replies":[{"embeddable":true,"href":"https:\/\/radiowebmx.com\/nota\/wp-json\/wp\/v2\/comments?post=16367"}],"version-history":[{"count":1,"href":"https:\/\/radiowebmx.com\/nota\/wp-json\/wp\/v2\/posts\/16367\/revisions"}],"predecessor-version":[{"id":16369,"href":"https:\/\/radiowebmx.com\/nota\/wp-json\/wp\/v2\/posts\/16367\/revisions\/16369"}],"wp:featuredmedia":[{"embeddable":true,"href":"https:\/\/radiowebmx.com\/nota\/wp-json\/wp\/v2\/media\/16368"}],"wp:attachment":[{"href":"https:\/\/radiowebmx.com\/nota\/wp-json\/wp\/v2\/media?parent=16367"}],"wp:term":[{"taxonomy":"category","embeddable":true,"href":"https:\/\/radiowebmx.com\/nota\/wp-json\/wp\/v2\/categories?post=16367"},{"taxonomy":"post_tag","embeddable":true,"href":"https:\/\/radiowebmx.com\/nota\/wp-json\/wp\/v2\/tags?post=16367"}],"curies":[{"name":"wp","href":"https:\/\/api.w.org\/{rel}","templated":true}]}}