{"id":16360,"date":"2015-06-29T12:22:49","date_gmt":"2015-06-29T17:22:49","guid":{"rendered":"https:\/\/radiowebmx.com\/nota\/?p=16360"},"modified":"2015-06-29T12:22:57","modified_gmt":"2015-06-29T17:22:57","slug":"reconoce-consul-general-de-mexico-en-chicago-la-gestion-de-salvador-jara-ha-permitido-que-michoacan-retome-el-rumbo","status":"publish","type":"post","link":"https:\/\/radiowebmx.com\/nota\/reconoce-consul-general-de-mexico-en-chicago-la-gestion-de-salvador-jara-ha-permitido-que-michoacan-retome-el-rumbo\/","title":{"rendered":"RECONOCE C\u00d3NSUL GENERAL DE M\u00c9XICO EN CHICAGO LA GESTI\u00d3N DE SALVADOR JARA; \u201cHA PERMITIDO QUE MICHOAC\u00c1N RETOME EL RUMBO\u201d"},"content":{"rendered":"<p>Durante la clausura de la Presencia Michoacana en el Medio Oeste 2015, que organiza la Federaci\u00f3n de Clubes Michoacanos en Illinois, el C\u00f3nsul General de M\u00e9xico en Chicago, Carlos Jim\u00e9nez Mac\u00edas, reconoci\u00f3 la labor del gobernador, Salvador Jara Guerrero, al asegurar que su gesti\u00f3n ha permitido que Michoac\u00e1n vuelva a ser una entidad segura; \u201cen uno de los momentos m\u00e1s dif\u00edciles del Estado, usted ha permitido que Michoac\u00e1n retome el rumbo. Yo le expreso a nombre del gobierno mi aprecio y mi reconocimiento por su excelente trabajo\u201d, afirm\u00f3.<\/p>\n<p>Lo anterior, durante la ceremonia de entrega de la Presea Siervo de la Naci\u00f3n, que la Federaci\u00f3n de Clubes Michoacanos otorg\u00f3 este a\u00f1o a Edward \u201cEddie\u201d Acevedo, quien se convirti\u00f3 en el a\u00f1o 2011 en el primer legislador latino en presidir la C\u00e1mara de Representantes de Illinois.<\/p>\n<p>Al intervenir como orador oficial en la ceremonia de gala, el gobernador Salvador Jara dijo ante los connacionales que en materia tur\u00edstica, Michoac\u00e1n est\u00e1 registrando cifras muy parecidas a las del a\u00f1o 2007; no obstante, subray\u00f3 que \u201cel problema no est\u00e1 resuelto, ni se va a resolver en un mes o dos, seguimos teniendo problemas y no podemos bajar la guardia. Necesitamos generar empleos y reactivar la econom\u00eda\u201d.<\/p>\n<p>Respecto a la situaci\u00f3n econ\u00f3mica del Estado, Jara Guerrero manifest\u00f3 que nuestro estado ha sido la tercera entidad del pa\u00eds con mayor crecimiento econ\u00f3mico: \u201cLa econom\u00eda est\u00e1 mejorando, Michoac\u00e1n fue el estado con mayor crecimiento econ\u00f3mico en el \u00faltimo trimestre del a\u00f1o pasado, y en lo que va de este 2015 hemos sido el tercer estado con mayor crecimiento, esto no quiere decir que nuestra econom\u00eda est\u00e9 bien, pero si indica que est\u00e1 creciendo\u201d.<\/p>\n<p>Durante este evento de clausura, el gobernador Salvador Jara Guerrero se refiri\u00f3 a los michoacanos radicados en el Estado de Illinois, y dijo: \u201cDonde haya un michoacano es Michoac\u00e1n, que no nos quede la menor duda, y por eso el gobernador de su estado est\u00e1 aqu\u00ed, porque estamos convencidos del valor que tienen todos ustedes y de la importancia que tiene el estar vinculados\u201d, puntualiz\u00f3.<\/p>\n<p>En la entrega de la Presea Siervo de la Naci\u00f3n, tambi\u00e9n se otorg\u00f3 un reconocimiento especial a la familia Ibarra, por su incansable labor en favor de la difusi\u00f3n de la m\u00fasica tradicional de Tierra Caliente.<\/p>\n","protected":false},"excerpt":{"rendered":"<p>Durante la clausura de la Presencia Michoacana en el Medio Oeste 2015, que organiza la Federaci\u00f3n de Clubes Michoacanos en Illinois, el C\u00f3nsul General de M\u00e9xico en Chicago, Carlos Jim\u00e9nez Mac\u00edas, reconoci\u00f3 la labor del gobernador, Salvador Jara Guerrero, <\/p>\n","protected":false},"author":1,"featured_media":16361,"comment_status":"open","ping_status":"open","sticky":false,"template":"","format":"standard","meta":{"footnotes":""},"categories":[14,3],"tags":[],"class_list":["post-16360","post","type-post","status-publish","format-standard","has-post-thumbnail","hentry","category-destacadas","category-gobierno-del-estado-de-michoacan"],"_links":{"self":[{"href":"https:\/\/radiowebmx.com\/nota\/wp-json\/wp\/v2\/posts\/16360","targetHints":{"allow":["GET"]}}],"collection":[{"href":"https:\/\/radiowebmx.com\/nota\/wp-json\/wp\/v2\/posts"}],"about":[{"href":"https:\/\/radiowebmx.com\/nota\/wp-json\/wp\/v2\/types\/post"}],"author":[{"embeddable":true,"href":"https:\/\/radiowebmx.com\/nota\/wp-json\/wp\/v2\/users\/1"}],"replies":[{"embeddable":true,"href":"https:\/\/radiowebmx.com\/nota\/wp-json\/wp\/v2\/comments?post=16360"}],"version-history":[{"count":3,"href":"https:\/\/radiowebmx.com\/nota\/wp-json\/wp\/v2\/posts\/16360\/revisions"}],"predecessor-version":[{"id":16364,"href":"https:\/\/radiowebmx.com\/nota\/wp-json\/wp\/v2\/posts\/16360\/revisions\/16364"}],"wp:featuredmedia":[{"embeddable":true,"href":"https:\/\/radiowebmx.com\/nota\/wp-json\/wp\/v2\/media\/16361"}],"wp:attachment":[{"href":"https:\/\/radiowebmx.com\/nota\/wp-json\/wp\/v2\/media?parent=16360"}],"wp:term":[{"taxonomy":"category","embeddable":true,"href":"https:\/\/radiowebmx.com\/nota\/wp-json\/wp\/v2\/categories?post=16360"},{"taxonomy":"post_tag","embeddable":true,"href":"https:\/\/radiowebmx.com\/nota\/wp-json\/wp\/v2\/tags?post=16360"}],"curies":[{"name":"wp","href":"https:\/\/api.w.org\/{rel}","templated":true}]}}