{"id":16357,"date":"2015-06-29T12:19:01","date_gmt":"2015-06-29T17:19:01","guid":{"rendered":"https:\/\/radiowebmx.com\/nota\/?p=16357"},"modified":"2015-06-29T12:19:01","modified_gmt":"2015-06-29T17:19:01","slug":"se-realizo-con-exito-la-tercera-carrera-atletica-de-la-cruz-roja-mexicana","status":"publish","type":"post","link":"https:\/\/radiowebmx.com\/nota\/se-realizo-con-exito-la-tercera-carrera-atletica-de-la-cruz-roja-mexicana\/","title":{"rendered":"Se realiz\u00f3 con \u00e9xito la Tercera Carrera Atl\u00e9tica de la Cruz Roja Mexicana"},"content":{"rendered":"<p><span style=\"font-size: large;\">El presidente municipal de Morelia, Salvador Abud Mirabent, y su esposa, Miriam Cruz Hern\u00e1ndez, participaron en la Tercera Carrera Atl\u00e9tica de la Cruz Roja Mexicana Delegaci\u00f3n Morelia, que se realiz\u00f3 la ma\u00f1ana de este domingo sobre las avenidas Ventura Puente y Acueducto de la capital michoacana.<\/span><\/p>\n<p><span style=\"font-size: large;\">\u00a0<\/span><\/p>\n<p><span style=\"font-size: large;\">Con la asistencia de 700 competidores, nuevamente se logr\u00f3 reunir un monto importante recabado mediante una cuota de 250 pesos por participante, que ser\u00e1 invertido en la conclusi\u00f3n de las obras de remodelaci\u00f3n y mejoramiento que actualmente se realizan en las \u00e1reas m\u00e9dicas de esta instituci\u00f3n de auxilio.<\/span><\/p>\n<p><span style=\"font-size: large;\">\u00a0<\/span><\/p>\n<p><span style=\"font-size: large;\">Familias completas, incluso mascotas, hicieron de esta justa una convivencia en la que predomin\u00f3 el entusiasmo y la armon\u00eda, por lo que el alcalde celebr\u00f3 que cada vez m\u00e1s son los ciudadanos interesados en hacer deporte.<\/span><\/p>\n<p><span style=\"font-size: large;\">\u00a0<\/span><\/p>\n<p><span style=\"font-size: large;\">Los ganadores del primer lugar en la categor\u00eda de 10 kil\u00f3metros fueron, en la rama Varonil Edgardo Bautista, con un tiempo de 33 minutos 15 segundos, y en Femenil, la triunfadora fue Misha Elena Ruiz, con un tiempo de 40 minutos 18 segundos. En la categor\u00eda de 5 kil\u00f3metros, el primero en cruzar la meta fue Jes\u00fas Beltr\u00e1n, quien alcanz\u00f3 un tiempo de 19 minutos con tres segundos.<\/span><\/p>\n<p><span style=\"font-size: large;\">\u00a0<\/span><\/p>\n<p><span style=\"font-size: large;\">El evento fue desarrollado con el apoyo del Instituto Municipal de Cultura F\u00edsica y Deporte (IMDE), y del Sistema para el Desarrollo Integral de la Familia (DIF) que preside Miriam Cruz de Abud.<\/span><\/p>\n","protected":false},"excerpt":{"rendered":"<p>El presidente municipal de Morelia, Salvador Abud Mirabent, y su esposa, Miriam Cruz Hern\u00e1ndez, participaron en la Tercera Carrera Atl\u00e9tica de la Cruz Roja Mexicana Delegaci\u00f3n Morelia, que se realiz\u00f3 la ma\u00f1ana de este domingo sobre las avenidas Ventura Puente y Acueducto de la capital michoacana.<\/p>\n","protected":false},"author":1,"featured_media":16358,"comment_status":"open","ping_status":"open","sticky":false,"template":"","format":"standard","meta":{"footnotes":""},"categories":[14,9],"tags":[],"class_list":["post-16357","post","type-post","status-publish","format-standard","has-post-thumbnail","hentry","category-destacadas","category-morelia"],"_links":{"self":[{"href":"https:\/\/radiowebmx.com\/nota\/wp-json\/wp\/v2\/posts\/16357","targetHints":{"allow":["GET"]}}],"collection":[{"href":"https:\/\/radiowebmx.com\/nota\/wp-json\/wp\/v2\/posts"}],"about":[{"href":"https:\/\/radiowebmx.com\/nota\/wp-json\/wp\/v2\/types\/post"}],"author":[{"embeddable":true,"href":"https:\/\/radiowebmx.com\/nota\/wp-json\/wp\/v2\/users\/1"}],"replies":[{"embeddable":true,"href":"https:\/\/radiowebmx.com\/nota\/wp-json\/wp\/v2\/comments?post=16357"}],"version-history":[{"count":1,"href":"https:\/\/radiowebmx.com\/nota\/wp-json\/wp\/v2\/posts\/16357\/revisions"}],"predecessor-version":[{"id":16359,"href":"https:\/\/radiowebmx.com\/nota\/wp-json\/wp\/v2\/posts\/16357\/revisions\/16359"}],"wp:featuredmedia":[{"embeddable":true,"href":"https:\/\/radiowebmx.com\/nota\/wp-json\/wp\/v2\/media\/16358"}],"wp:attachment":[{"href":"https:\/\/radiowebmx.com\/nota\/wp-json\/wp\/v2\/media?parent=16357"}],"wp:term":[{"taxonomy":"category","embeddable":true,"href":"https:\/\/radiowebmx.com\/nota\/wp-json\/wp\/v2\/categories?post=16357"},{"taxonomy":"post_tag","embeddable":true,"href":"https:\/\/radiowebmx.com\/nota\/wp-json\/wp\/v2\/tags?post=16357"}],"curies":[{"name":"wp","href":"https:\/\/api.w.org\/{rel}","templated":true}]}}