{"id":16354,"date":"2015-06-29T12:15:44","date_gmt":"2015-06-29T17:15:44","guid":{"rendered":"https:\/\/radiowebmx.com\/nota\/?p=16354"},"modified":"2015-06-29T12:15:44","modified_gmt":"2015-06-29T17:15:44","slug":"en-murales-jovenes-morelianos-promueven-la-cultura-de-la-paz","status":"publish","type":"post","link":"https:\/\/radiowebmx.com\/nota\/en-murales-jovenes-morelianos-promueven-la-cultura-de-la-paz\/","title":{"rendered":"En murales, j\u00f3venes morelianos promueven la cultura de la paz"},"content":{"rendered":"<p><span style=\"font-size: large;\">A fin de recuperar espacios p\u00fablicos y transformarlos en \u00e1reas de convivencia ciudadana, j\u00f3venes de Morelia se sumaron al proyecto \u201cM\u00e9xico Nos Mueve la Paz\u201d, a trav\u00e9s del evento simult\u00e1neo de pinta de murales comunitarios \u201cHappening\u201d del Programa Nacional de Prevenci\u00f3n del Delito (Pronapred), que arranc\u00f3 a las 15:00 horas de este s\u00e1bado en todo el pa\u00eds.<\/span><\/p>\n<p><span style=\"font-size: large;\">\u00a0<\/span><\/p>\n<p><span style=\"font-size: large;\">En la capital michoacana, decenas de participantes plasmaron sus ideas y conceptos a trav\u00e9s de la realizaci\u00f3n de un mural en la barda perimetral de la Escuela Secundaria T\u00e9cnica no. 120, ubicada en la colonia Colinas del Sur, en el cual representaron el tejido social que se pretende reforzar.<\/span><\/p>\n<p><span style=\"font-size: large;\">\u00a0<\/span><\/p>\n<p><span style=\"font-size: large;\">Con esta actividad, el Gobierno de la Rep\u00fablica y el Ayuntamiento que preside Salvador Abud Mirabent, promueven tambi\u00e9n la convivencia mediante la cultura de la paz, adem\u00e1s de que se establecen lazos de amistad y redes de apoyo y seguridad ciudadana.<\/span><\/p>\n<p><span style=\"font-size: large;\">\u00a0<\/span><\/p>\n<p><span style=\"font-size: large;\">El director de Prevenci\u00f3n Social de Violencia y Delincuencia en el municipio, Guillermo Sandoval Vega, inform\u00f3 que en el caso de Morelia, se convoc\u00f3 a adolescentes del pol\u00edgono de Trincheras, quienes favorablemente aceptaron la invitaci\u00f3n a participar en este proyecto art\u00edstico.<\/span><\/p>\n<p><span style=\"font-size: large;\">\u00a0<\/span><\/p>\n<p><span style=\"font-size: large;\">Inform\u00f3 que a la par de la capital michoacana, esta din\u00e1mica se realiz\u00f3 en aproximadamente 100 municipios de 28 entidades, donde los j\u00f3venes de zonas consideradas puntos rojos de delincuencia, fueron los actores principales.<\/span><\/p>\n","protected":false},"excerpt":{"rendered":"<p>A fin de recuperar espacios p\u00fablicos y transformarlos en \u00e1reas de convivencia ciudadana, j\u00f3venes de Morelia se sumaron al proyecto \u201cM\u00e9xico Nos Mueve la Paz\u201d, a trav\u00e9s del evento simult\u00e1neo de pinta de murales comunitarios \u201cHappening\u201d del Programa Nacional de Prevenci\u00f3n del Delito (Pronapred),<\/p>\n","protected":false},"author":1,"featured_media":16355,"comment_status":"open","ping_status":"open","sticky":false,"template":"","format":"standard","meta":{"footnotes":""},"categories":[14,9],"tags":[],"class_list":["post-16354","post","type-post","status-publish","format-standard","has-post-thumbnail","hentry","category-destacadas","category-morelia"],"_links":{"self":[{"href":"https:\/\/radiowebmx.com\/nota\/wp-json\/wp\/v2\/posts\/16354","targetHints":{"allow":["GET"]}}],"collection":[{"href":"https:\/\/radiowebmx.com\/nota\/wp-json\/wp\/v2\/posts"}],"about":[{"href":"https:\/\/radiowebmx.com\/nota\/wp-json\/wp\/v2\/types\/post"}],"author":[{"embeddable":true,"href":"https:\/\/radiowebmx.com\/nota\/wp-json\/wp\/v2\/users\/1"}],"replies":[{"embeddable":true,"href":"https:\/\/radiowebmx.com\/nota\/wp-json\/wp\/v2\/comments?post=16354"}],"version-history":[{"count":1,"href":"https:\/\/radiowebmx.com\/nota\/wp-json\/wp\/v2\/posts\/16354\/revisions"}],"predecessor-version":[{"id":16356,"href":"https:\/\/radiowebmx.com\/nota\/wp-json\/wp\/v2\/posts\/16354\/revisions\/16356"}],"wp:featuredmedia":[{"embeddable":true,"href":"https:\/\/radiowebmx.com\/nota\/wp-json\/wp\/v2\/media\/16355"}],"wp:attachment":[{"href":"https:\/\/radiowebmx.com\/nota\/wp-json\/wp\/v2\/media?parent=16354"}],"wp:term":[{"taxonomy":"category","embeddable":true,"href":"https:\/\/radiowebmx.com\/nota\/wp-json\/wp\/v2\/categories?post=16354"},{"taxonomy":"post_tag","embeddable":true,"href":"https:\/\/radiowebmx.com\/nota\/wp-json\/wp\/v2\/tags?post=16354"}],"curies":[{"name":"wp","href":"https:\/\/api.w.org\/{rel}","templated":true}]}}