{"id":16351,"date":"2015-06-29T12:12:27","date_gmt":"2015-06-29T17:12:27","guid":{"rendered":"https:\/\/radiowebmx.com\/nota\/?p=16351"},"modified":"2015-06-29T12:12:27","modified_gmt":"2015-06-29T17:12:27","slug":"con-apoyo-al-deporte-se-invierte-en-el-bienestar-de-la-ciudadania-abud","status":"publish","type":"post","link":"https:\/\/radiowebmx.com\/nota\/con-apoyo-al-deporte-se-invierte-en-el-bienestar-de-la-ciudadania-abud\/","title":{"rendered":"Con apoyo al deporte, se invierte en  el bienestar de la ciudadan\u00eda: Abud"},"content":{"rendered":"<p><span style=\"font-size: large;\">Con el apoyo al deporte, el Ayuntamiento no s\u00f3lo cumple una pol\u00edtica p\u00fablica, sino que procura fomentar la sana convivencia y el esparcimiento de los morelianos en espacios p\u00fablicos dignos y seguros, cuidar la salud de los habitantes e inculcar la pr\u00e1ctica de valores en ni\u00f1os y j\u00f3venes, afirm\u00f3 el alcalde Salvador Abud Mirabent, durante la entrega de tres canchas empastadas a la Liga Municipal de Morelia.<\/span><\/p>\n<p><span style=\"font-size: large;\">\u00a0<\/span><\/p>\n<p><span style=\"font-size: large;\">\u201cSe invierten los impuestos de la ciudadan\u00eda en su propio bienestar. El gobierno y la ciudadan\u00eda hacen equipo, cuando la autoridad acata las gestiones y es sensible ante las necesidades de la poblaci\u00f3n\u201d, coment\u00f3 el edil capitalino.<\/span><\/p>\n<p><span style=\"font-size: large;\">\u00a0<\/span><\/p>\n<p><span style=\"font-size: large;\">El secretario de Obras P\u00fablicas del municipio, Juan Jos\u00e9 Tavera Hern\u00e1ndez, detall\u00f3 que en total, la actual administraci\u00f3n local invirti\u00f3 500 mil pesos en el suministro de 30 mil metros cuadrados de pasto, y la Liga Municipal aport\u00f3 la fuerza de trabajo para la colocaci\u00f3n del mismo en las canchas 22, 28 y 29 de los campos de futbol de Polic\u00eda y Tr\u00e1nsito.<\/span><\/p>\n<p><span style=\"font-size: large;\">\u00a0<\/span><\/p>\n<p><span style=\"font-size: large;\">Posteriormente, Abud Mirabent anunci\u00f3 que mediante el Programa Anual de Inversi\u00f3n (PAI) 2015, el Cabildo de la capital michoacana autoriz\u00f3 medio mill\u00f3n de pesos m\u00e1s para concluir el empastado de las 40 hect\u00e1reas que comprende el complejo deportivo, al rehabilitar los 30 mil metros cuadrados que faltan.<\/span><\/p>\n<p><span style=\"font-size: large;\">\u00a0<\/span><\/p>\n<p><span style=\"font-size: large;\">De igual manera, a m\u00e1s tardar en dos semanas arrancar\u00e1n los trabajos de reparaci\u00f3n del camino de acceso que conecta los arcos de la entrada con la cancha 3, solicitud que hizo la Liga Municipal de Morelia al Ayuntamiento, a trav\u00e9s de su presidente, Gabriel Prado Fern\u00e1ndez, quien agradeci\u00f3 al presidente municipal el inter\u00e9s y el cumplimiento cabal de los compromisos hechos a la organizaci\u00f3n que encabeza.<\/span><\/p>\n<p><span style=\"font-size: large;\">\u00a0<\/span><\/p>\n<p><span style=\"font-size: large;\">Al t\u00e9rmino del acto protocolario, que cont\u00f3 con la presencia del diputado Jos\u00e9 Guadalupe Ram\u00edrez Gayt\u00e1n, se procedi\u00f3 al corte de list\u00f3n inaugural y el tiro a gol de Salvador Abud para el estreno simb\u00f3lico de los espacios rehabilitados.<\/span><\/p>\n","protected":false},"excerpt":{"rendered":"<p>Con el apoyo al deporte, el Ayuntamiento no s\u00f3lo cumple una pol\u00edtica p\u00fablica, sino que procura fomentar la sana convivencia y el esparcimiento de los morelianos en espacios p\u00fablicos dignos y seguros, cuidar la salud de los habitantes e inculcar la pr\u00e1ctica de valores en ni\u00f1os y j\u00f3venes, <\/p>\n","protected":false},"author":1,"featured_media":16352,"comment_status":"open","ping_status":"open","sticky":false,"template":"","format":"standard","meta":{"footnotes":""},"categories":[14,9],"tags":[],"class_list":["post-16351","post","type-post","status-publish","format-standard","has-post-thumbnail","hentry","category-destacadas","category-morelia"],"_links":{"self":[{"href":"https:\/\/radiowebmx.com\/nota\/wp-json\/wp\/v2\/posts\/16351","targetHints":{"allow":["GET"]}}],"collection":[{"href":"https:\/\/radiowebmx.com\/nota\/wp-json\/wp\/v2\/posts"}],"about":[{"href":"https:\/\/radiowebmx.com\/nota\/wp-json\/wp\/v2\/types\/post"}],"author":[{"embeddable":true,"href":"https:\/\/radiowebmx.com\/nota\/wp-json\/wp\/v2\/users\/1"}],"replies":[{"embeddable":true,"href":"https:\/\/radiowebmx.com\/nota\/wp-json\/wp\/v2\/comments?post=16351"}],"version-history":[{"count":1,"href":"https:\/\/radiowebmx.com\/nota\/wp-json\/wp\/v2\/posts\/16351\/revisions"}],"predecessor-version":[{"id":16353,"href":"https:\/\/radiowebmx.com\/nota\/wp-json\/wp\/v2\/posts\/16351\/revisions\/16353"}],"wp:featuredmedia":[{"embeddable":true,"href":"https:\/\/radiowebmx.com\/nota\/wp-json\/wp\/v2\/media\/16352"}],"wp:attachment":[{"href":"https:\/\/radiowebmx.com\/nota\/wp-json\/wp\/v2\/media?parent=16351"}],"wp:term":[{"taxonomy":"category","embeddable":true,"href":"https:\/\/radiowebmx.com\/nota\/wp-json\/wp\/v2\/categories?post=16351"},{"taxonomy":"post_tag","embeddable":true,"href":"https:\/\/radiowebmx.com\/nota\/wp-json\/wp\/v2\/tags?post=16351"}],"curies":[{"name":"wp","href":"https:\/\/api.w.org\/{rel}","templated":true}]}}