{"id":16323,"date":"2015-06-25T13:26:49","date_gmt":"2015-06-25T18:26:49","guid":{"rendered":"https:\/\/radiowebmx.com\/nota\/?p=16323"},"modified":"2015-06-25T13:26:49","modified_gmt":"2015-06-25T18:26:49","slug":"realiza-semigrante-sexta-jornada-de-atencion-al-migrante","status":"publish","type":"post","link":"https:\/\/radiowebmx.com\/nota\/realiza-semigrante-sexta-jornada-de-atencion-al-migrante\/","title":{"rendered":"REALIZA SEMIGRANTE SEXTA JORNADA DE ATENCI\u00d3N AL MIGRANTE"},"content":{"rendered":"<p>Con la finalidad de que la poblaci\u00f3n migrante de este municipio est\u00e9 informada y tenga acceso a los servicios que los tres niveles de gobierno ofrecen en su beneficio la Secretar\u00eda del Migrante (Semigrante) llev\u00f3 a cabo la Sexta Jornada de Atenci\u00f3n a Migrantes.<\/p>\n<p>En esta jornada se cont\u00f3 con la participaci\u00f3n de la Secretar\u00edas de Desarrollo Social, Secretar\u00eda de Seguridad P\u00fablica, Secretar\u00eda de los J\u00f3venes, Secretar\u00eda Pol\u00edtica Social, Secretar\u00eda de Desarrollo Econ\u00f3mico, el Consejo Estatal para la Prevenci\u00f3n del SIDA, el Instituto Nacional de las Personas Adultas Mayores (INAPAM), la Comisi\u00f3n Estatal de los Derechos Humanos, Pastoral de Movilidad Humana, United Food and Commercial Workers Canada (UFCW), Procuradur\u00eda General de la Rep\u00fablica y la propia Secretar\u00eda del Migrante.<\/p>\n<p>Personal de las dependencias participantes, a \u00a0trav\u00e9s de sus m\u00f3dulos brindaron servicios e informaci\u00f3n de promoci\u00f3n de la salud, asesor\u00eda para prevenir accidentes y lesiones, difusi\u00f3n de la prevenci\u00f3n del delito, derechos de los migrantes, entrega de la mini gu\u00eda del programa paisano, programa +65, aplicaci\u00f3n de la prueba del VIH y asesor\u00eda sobre los derechos humanos de los migrantes, entre otros.<\/p>\n<p>De forma paralela, en la\u00a0Escuela Primaria\u00a0\u201cGeneral Enrique Ram\u00edrez\u201d, la Secretar\u00eda de Seguridad P\u00fablica, imparti\u00f3 una pl\u00e1tica sobre \u201cAcoso Escolar\u201d y realiz\u00f3 juegos did\u00e1cticos en el patio de la escuela sobre Prevenci\u00f3n del Delito, as\u00ed mismo la Procuradur\u00eda General imparti\u00f3 una pl\u00e1tica sobre la prevenci\u00f3n del delito de \u201cTrata de Personas\u201d.<\/p>\n<p>Asistieron migrantes y familiares de migrantes as\u00ed como poblaci\u00f3n en general, quienes se vieron beneficiados al resolver sus tr\u00e1mites sin tener que salir de su municipio.<\/p>\n<p>En la inauguraci\u00f3n de este evento estuvieron Homero Ramos Jasso, Jefe del Departamento de Infraestructura B\u00e1sica de Sepsol, Andrea G\u00e1lvez Gonz\u00e1lez, de la UFCW, Armando S\u00e1nchez Ch\u00e1vez de la Semigrante, Benito Ortiz \u00c1reas, Enlace del Centro Municipal de Atenci\u00f3n al Migrante en Tar\u00edmbaro y Antonio Reyes Herrej\u00f3n, secretario particular en representaci\u00f3n del Presidente Municipal, quien agradeci\u00f3 a cada una de las dependencias el apoyo para acercar sus servicios a los habitantes de esta municipalidad, para que realicen sus tr\u00e1mites con agilidad y eficiencia.<\/p>\n","protected":false},"excerpt":{"rendered":"<p>Con la finalidad de que la poblaci\u00f3n migrante de este municipio est\u00e9 informada y tenga acceso a los servicios que los tres niveles de gobierno ofrecen en su beneficio la Secretar\u00eda del Migrante (Semigrante) llev\u00f3 a cabo la Sexta Jornada de Atenci\u00f3n a Migrantes.<\/p>\n","protected":false},"author":1,"featured_media":16324,"comment_status":"open","ping_status":"open","sticky":false,"template":"","format":"standard","meta":{"footnotes":""},"categories":[14,3],"tags":[],"class_list":["post-16323","post","type-post","status-publish","format-standard","has-post-thumbnail","hentry","category-destacadas","category-gobierno-del-estado-de-michoacan"],"_links":{"self":[{"href":"https:\/\/radiowebmx.com\/nota\/wp-json\/wp\/v2\/posts\/16323","targetHints":{"allow":["GET"]}}],"collection":[{"href":"https:\/\/radiowebmx.com\/nota\/wp-json\/wp\/v2\/posts"}],"about":[{"href":"https:\/\/radiowebmx.com\/nota\/wp-json\/wp\/v2\/types\/post"}],"author":[{"embeddable":true,"href":"https:\/\/radiowebmx.com\/nota\/wp-json\/wp\/v2\/users\/1"}],"replies":[{"embeddable":true,"href":"https:\/\/radiowebmx.com\/nota\/wp-json\/wp\/v2\/comments?post=16323"}],"version-history":[{"count":2,"href":"https:\/\/radiowebmx.com\/nota\/wp-json\/wp\/v2\/posts\/16323\/revisions"}],"predecessor-version":[{"id":16326,"href":"https:\/\/radiowebmx.com\/nota\/wp-json\/wp\/v2\/posts\/16323\/revisions\/16326"}],"wp:featuredmedia":[{"embeddable":true,"href":"https:\/\/radiowebmx.com\/nota\/wp-json\/wp\/v2\/media\/16324"}],"wp:attachment":[{"href":"https:\/\/radiowebmx.com\/nota\/wp-json\/wp\/v2\/media?parent=16323"}],"wp:term":[{"taxonomy":"category","embeddable":true,"href":"https:\/\/radiowebmx.com\/nota\/wp-json\/wp\/v2\/categories?post=16323"},{"taxonomy":"post_tag","embeddable":true,"href":"https:\/\/radiowebmx.com\/nota\/wp-json\/wp\/v2\/tags?post=16323"}],"curies":[{"name":"wp","href":"https:\/\/api.w.org\/{rel}","templated":true}]}}