{"id":16278,"date":"2015-06-24T11:23:15","date_gmt":"2015-06-24T16:23:15","guid":{"rendered":"https:\/\/radiowebmx.com\/nota\/?p=16278"},"modified":"2015-06-24T11:23:15","modified_gmt":"2015-06-24T16:23:15","slug":"temas-de-cafe-328","status":"publish","type":"post","link":"https:\/\/radiowebmx.com\/nota\/temas-de-cafe-328\/","title":{"rendered":"TEMAS DE CAF\u00c9"},"content":{"rendered":"<ul>\n<li>PRI PARA EDUARDO ORIHUELA<\/li>\n<li>SEMARNAT Y EL RAN RELEVOS<\/li>\n<li>SUICIDIO 3RA CAUSA DE MUERTE<\/li>\n<li>VERDE 5 LOCALES 3 FEDERALES<\/li>\n<\/ul>\n<p>Por fin se le derrumba el castillo a Alfredo Castillo Cervantes, quien \u00a0empieza a perder fuerza en Michoac\u00e1n, porque se fueron dos de su gente, primero en el RAN lleg\u00f3 Alvaro Raya Espinoza, originario de Uruapan y egresado de la Universidad Michoacana de San Nicol\u00e1s de Hidalgo, el que se fue de triste nombre que ni nos acordamos c\u00f3mo se llamaba, se resisti\u00f3 no se quer\u00eda ir, se molest\u00f3 y pidi\u00f3 primero hablar con su jefe Castillo, pero se tuvo que ir, mediante presi\u00f3n y presencia de un notario p\u00fablico, quien dio fe de la ceremonia, otro que tambi\u00e9n se fue es el delegado de la Semarnat, V\u00edctor Manuel Avila Ceniceros y quien lleg\u00f3, en su lugar fue Mauro Ram\u00f3n Ballesteros, quien no ser\u00e1 muy bueno, pero ya tiene en estos menesteres varias d\u00e9cadas, y sobre todo es michoacano, para los exigentes de Cuitzeo y es familiar de Genovevo Figueroa Zamudio. <b><i>El que entendi\u00f3 entendi\u00f3.<\/i><\/b><\/p>\n<p><b><i>\u00a0\u00a0\u00a0\u00a0\u00a0\u00a0\u00a0\u00a0\u00a0\u00a0\u00a0 <\/i><\/b><b>DE LOS PRIMEROS QUES FUERON DE CASTILLO<\/b><\/p>\n<p>Pedro Luis Ben\u00edtez V\u00e9lez se fue de Sagarpa, lleg\u00f3 Jaime Rodr\u00edguez, michoacano gente cercana a Chon Orihuela, tambi\u00e9n se fue Israel Patr\u00f3n Reyes delegado del ISSSTE, lleg\u00f3 en su lugar Adri\u00e1n Avellaneda Hern\u00e1ndez quien estaba en la Junta Federal de Conciliaci\u00f3n y Arbitraje, tambi\u00e9n se fue V\u00edctor Manuel Silva, pero por motivos distintos, ya que \u00e9l nunca \u00a0fue del grupo de Alfredo Castillo, m\u00e1s bien al contrario, otro que se fue de Castillo fue Mart\u00edn Godoy quien se dijo, ir\u00eda a la fiscal\u00eda de Jalisco, pero all\u00e1 su tierra tampoco lo aceptaron.<\/p>\n<p>SEGURIDAD Y EL PROCURADOR, DE LA PRESIDENCIA<\/p>\n<p>Le comentamos ayer que en unos d\u00edas m\u00e1s, cuando se tenga mayor certeza del triunfo, de Silvano Aureoles ya que usted sabe su triunfo electoral, se encuentra impugnado primero en las instancias estatales, y posteriormente\u00a0 si persiste la impugnaci\u00f3n ir\u00eda a las federales, pero en unas semanas m\u00e1s cuando avance la integraci\u00f3n del gabinete, Silvano tendr\u00e1 que platicar con el presidente, y hacer lo mismo que hizo Fausto, dejar que la presidencia designe al Secretario de Seguridad y al Procurador. Fausto no entreg\u00f3 la Procuradur\u00eda y as\u00ed le fue.<\/p>\n<p>JORGE EDUARDO GARCIA TORRES Y ADRIAN LOPEZ SOLIS<\/p>\n<p>En una auscultaci\u00f3n breve y r\u00e1pida, preguntamos sobre las posibilidades de que Jorge Eduardo Garc\u00eda Torres, fuera propuesto para ocupar la Procuradur\u00eda de Justicia en Michoac\u00e1n, creemos es uno de los hombres m\u00e1s calificados para ocupar este puesto, ya que cuando \u00e9l fue Michoac\u00e1n\u00a0 vivi\u00f3 sus \u00faltimos a\u00f1os felices, en la administraci\u00f3n de V\u00edctor Manuel Tinoco Rub\u00ed, entre \u00e9l y su hermano Antonio ayudaron, a mantener un clima de paz y seguridad aceptable.<\/p>\n<p>Jorge Eduardo tiene una brillante trayectoria en el poder judicial, tiene relaciones con organismos internacionales como el FBI entre otros, y desde luego en la capital del pa\u00eds, tienen sus trayectoria bien definida, y desde luego se necesita a un personaje de su perfil, el otro que tiene los requisitos es Adri\u00e1n L\u00f3pez Sol\u00eds, quien ya ocup\u00f3 un puesto en la estructura de la Procuradur\u00eda, tambi\u00e9n podr\u00eda llegar un michoacano, que se desarrolle en el \u00e1mbito judicial a nivel federal.<\/p>\n<p>FUNCIONARIOS COMPROMETIDOS CON MICHOACAN<\/p>\n<p>Hemos recibido algunos comentarios, en el sentido de que debemos permitir que venga gente de otra partes del pa\u00eds, para ayudar a Michoac\u00e1n a salir adelante, pero est\u00e1 demostrado que no hacen nada, al contrario se llevan el dinero, las obras y traen a su gente, que no es mejor que los que tenemos aqu\u00ed, lo que pasa es que se sufre del principio, de que nadie es profeta en su tierra, pero tenemos gente capacitada de, imposible no pensar esto si tenemos universidades, p\u00fablicas y privadas y campus de varios centros de estudios de primer nivel.<\/p>\n<p>CRISTOBAL ARIAS, ANTONIO SOTO Y JESUS \u00a0GARIBAY<\/p>\n<p>Veamos estos tres personajes que son de izquierda, la mayor\u00eda no\u00a0 es del PRD, pero mire usted a Crist\u00f3bal\u00a0 Arias Sol\u00eds, lo conocimos en cuestiones agrarias, despu\u00e9s fue secretario de gobierno, en la administraci\u00f3n del ingeniero Cuauht\u00e9moc C\u00e1rdenas, fue dirigente estatal del PRI, senador de la rep\u00fablica, diputado federal, y es uno de los michoacanos con mayor experiencia pol\u00edtica, fue candidato a gobernador, perdi\u00f3 con Eduardo Villase\u00f1or, porque compiti\u00f3 no solamente contra\u00a0 el PRI, sino contra una parte del PRD.<\/p>\n<p>Antonio Soto tambi\u00e9n es un pol\u00edtico de izquierda, que tiene una extraordinaria trayectoria, que no le caiga bien a muchos, ese no es su problema el hombre conoce y sabe de pol\u00edtica, y adem\u00e1s de la michoacana, y tiene capacidad, para desempe\u00f1ar cualquier puesto de importancia en la administraci\u00f3n de Silvano, porque ser\u00eda desastroso que en esta administraci\u00f3n que es de izquierda se desperdiciaran estos valores pol\u00edticos, que reiteramos tienen una brillante trayectoria legislativa y pol\u00edtica.<\/p>\n<p>JESUS GARIBAY, SENADOR Y DIPUTADO FEDERAL<\/p>\n<p>Veamos a Jes\u00fas Garibay Garc\u00eda, quien ha sido dirigente de la Cocotra, asesor de L\u00e1zaro C\u00e1rdenas Batel y senador de la rep\u00fablica, cuando ocup\u00f3 su esca\u00f1o en sustituci\u00f3n, de Leonel Godoy quien se vino como candidato del PRD, al gobierno de Michoac\u00e1n y gan\u00f3, Jes\u00fas realiz\u00f3 un excelente trabajo en el Senado, y junto con Cuauht\u00e9moc C\u00e1rdenas se fueron del PRD, pero de los tres Crist\u00f3bal y Antonio Soto, Jes\u00fas es quien tiene mejores relaciones, tanto con Cuauht\u00e9moc C\u00e1rdenas, como con Carlos Navarrete, con quien fueron compa\u00f1eros en el Senado.<\/p>\n<p>Junto con Silvano Aureoles trabajaron en este proyecto, por lo cual consideramos que cualquiera de los tres, tienen la capacidad para ocupar la secretar\u00eda de gobierno, en la administraci\u00f3n de Silvano Aureoles, quien desde luego debe imponer muy bien su perfil, con gente preparada y capacitada, y no debe dejarse manipular por los diversos organismos empresariales. Debe tomar en cuenta las dos ternas iniciales que le entregaron todas, no puede darle el gusto a cada una por separado.<\/p>\n<p>IMPULSAN A EDUARDO ORIHUELA PARA EL PRI ESTATAL<\/p>\n<p>No agrada impulsar a los j\u00f3venes, nos agrada su rebeld\u00eda y su actitud provocativa,\u00a0 en este caso aplaudimos lo que hace un grupo de diputados electos, para llevar al PRI estatal a Eduardo Orihuela, hijo de Chon Orihuela y entre quienes lo impulsan se encuentran: Rossy de la Torre que no es priista, Wilfrido L\u00e1zaro que si es, X\u00f3chitl Ruiz, Mario Armando Mendoza\u00a0 y Wilfrido L\u00e1zaro Medina, seguramente que el resto de los diputados electos, tanto de mayor\u00eda como plurinominales, no simpatizan mucho con esta idea, pero esperamos que este grupo, busque incluir a los dem\u00e1s.<\/p>\n<p>Primero deben entender los plurinominales, que su candidato Chon Orihuela perdi\u00f3, el priismo michoacano le dio la espalda, porque el PRI gana\u00a0 diputaciones locales y federales, as\u00ed como presidencias municipales,\u00a0 pero perdi\u00f3 Chon, entonces son el grupo perdedor, imposible que se queden con todo el pastel o sea el PRI, por eso C\u00e9sar Camacho los detuvo, hasta despu\u00e9s del 15 de agosto, cuando seguramente haya nuevo dirigente nacional del PRI, y hasta entonces se podr\u00e1 definir, el rumbo del PRI michoacano. Pero lo que debe quedar claro, \u00a0es que el PRI no debe quedar en control de un solo grupo, por eso perdieron el gobierno del estado por, por no ser incluyentes y por querer comerse, todo el pastel y se les indigest\u00f3.<\/p>\n<p>EL VERDE 5 LOCALES Y TRES FEDERALES<\/p>\n<p>En esta elecci\u00f3n\u00a0 pasada el Verde fue el partido, que mejor resultados logr\u00f3,\u00a0 cuatro diputados locales de mayor\u00eda y una plurinominal, en total cinco por lo cual formar\u00edan una bancada, y pueden ser los coordinadores Sanata dirigente estatal o Ernesto N\u00fa\u00f1ez, a quien le vemos m\u00e1s formaci\u00f3n pol\u00edtica, y en las federales lograron tres, Daniela de los Santos, \u00a0\u00a0la mam\u00e1 de Rafael M\u00e1rquez en Zamora y Omar No\u00e9 Bernardino en Apatzing\u00e1n, aunque se encuentra impugnado, por eso ser\u00eda imposible regresar al Congreso estatal.<\/p>\n<p>LAURA YADIRA MARIN, AL PROGRAMA\u00a0 MATUTINO DEL 91.5<\/p>\n<p>Laura Yadira Mar\u00edn una de las periodistas m\u00e1s distinguidas de Morelia, por su trayectoria en diversos medios de comunicaci\u00f3n, encabezar\u00e1 el noticiario matutino de Grupo Marmor, en el 91.5 de su radio de frecuencia modulada, sustituy\u00f3 a V\u00edctor Villica\u00f1a quien sin duda\u00a0 deja el programa con una audici\u00f3n importante, este comunicador seguir\u00e1 con su programa vespertino, a las\u00a0 14 horas en la misma estaci\u00f3n radiof\u00f3nica.<\/p>\n<p>SUICIDIO 3\u00aa CAUSA DE MUERTE ENTRE JOVENES<\/p>\n<p>Parece que a Michoac\u00e1n le sucede todo lo malo, tenemos a los normalistas, a los democr\u00e1ticos de la CNTE, elevado \u00edndice de ni\u00f1os con\u00a0 c\u00e1ncer, as\u00ed como adultos con enfermedades renales, y ahora tenemos al suicidio como la tercera causa de muerte entre los j\u00f3venes de 15 a 24 a\u00f1os. Por eso el diputado\u00a0 Santiago Blanco en un momento de sobriedad, exigi\u00f3\u00a0 los protocolos para prevenci\u00f3n del suicidio entre adolescentes y adultos mayores.<\/p>\n","protected":false},"excerpt":{"rendered":"<p>\u2022\tPRI PARA EDUARDO ORIHUELA<br \/>\n\u2022\tSEMARNAT Y EL RAN RELEVOS<br \/>\n\u2022\tSUICIDIO 3RA CAUSA DE MUERTE<br \/>\n\u2022\tVERDE 5 LOCALES 3 FEDERALES<\/p>\n","protected":false},"author":1,"featured_media":0,"comment_status":"open","ping_status":"open","sticky":false,"template":"","format":"standard","meta":{"footnotes":""},"categories":[4,14,10],"tags":[],"class_list":["post-16278","post","type-post","status-publish","format-standard","hentry","category-columnistas","category-destacadas","category-juan-manuel-belmonte"],"_links":{"self":[{"href":"https:\/\/radiowebmx.com\/nota\/wp-json\/wp\/v2\/posts\/16278","targetHints":{"allow":["GET"]}}],"collection":[{"href":"https:\/\/radiowebmx.com\/nota\/wp-json\/wp\/v2\/posts"}],"about":[{"href":"https:\/\/radiowebmx.com\/nota\/wp-json\/wp\/v2\/types\/post"}],"author":[{"embeddable":true,"href":"https:\/\/radiowebmx.com\/nota\/wp-json\/wp\/v2\/users\/1"}],"replies":[{"embeddable":true,"href":"https:\/\/radiowebmx.com\/nota\/wp-json\/wp\/v2\/comments?post=16278"}],"version-history":[{"count":2,"href":"https:\/\/radiowebmx.com\/nota\/wp-json\/wp\/v2\/posts\/16278\/revisions"}],"predecessor-version":[{"id":16280,"href":"https:\/\/radiowebmx.com\/nota\/wp-json\/wp\/v2\/posts\/16278\/revisions\/16280"}],"wp:attachment":[{"href":"https:\/\/radiowebmx.com\/nota\/wp-json\/wp\/v2\/media?parent=16278"}],"wp:term":[{"taxonomy":"category","embeddable":true,"href":"https:\/\/radiowebmx.com\/nota\/wp-json\/wp\/v2\/categories?post=16278"},{"taxonomy":"post_tag","embeddable":true,"href":"https:\/\/radiowebmx.com\/nota\/wp-json\/wp\/v2\/tags?post=16278"}],"curies":[{"name":"wp","href":"https:\/\/api.w.org\/{rel}","templated":true}]}}