{"id":16275,"date":"2015-06-24T11:20:35","date_gmt":"2015-06-24T16:20:35","guid":{"rendered":"https:\/\/radiowebmx.com\/nota\/?p=16275"},"modified":"2015-06-24T11:20:35","modified_gmt":"2015-06-24T16:20:35","slug":"definen-alfonso-martinez-y-fucidim-acciones-para-el-desarrollo-de-michoacan","status":"publish","type":"post","link":"https:\/\/radiowebmx.com\/nota\/definen-alfonso-martinez-y-fucidim-acciones-para-el-desarrollo-de-michoacan\/","title":{"rendered":"Definen Alfonso Mart\u00ednez y FUCIDIM acciones para el desarrollo de Michoac\u00e1n"},"content":{"rendered":"<p>Con el prop\u00f3sito de dar seguimiento al compromiso de abrir espacios de participaci\u00f3n ciudadana, en donde los morelianos tengan voz y voto en las acciones de Gobierno, el alcalde electo, Alfonso Mart\u00ednez Alc\u00e1zar, se reuni\u00f3 con representantes de la Fundaci\u00f3n Ciudadana para el Desarrollo Integral de Michoac\u00e1n (FUCIDIM).<\/p>\n<p>En este marco, el titular de la planilla Todos por Morelia escuch\u00f3 las necesidades y propuestas de los agremiados, las cuales buscan generar mejores condiciones de desarrollo para el municipio.<\/p>\n<p>Por ello, Alfonso Mart\u00ednez destac\u00f3 que el compromiso de abrir espacios en donde los ciudadanos de manera particular o a trav\u00e9s de las instituciones tengan un papel m\u00e1s activo en las tareas de Gobierno, ser\u00e1 una realidad desde el primer d\u00eda que asuma el Ayuntamiento de Morelia en el pr\u00f3ximo mes de septiembre.<\/p>\n<p>Asimismo, ofreci\u00f3 a los integrantes de la FUCIDIM, trabajar de la mano y coadyuvar para el desarrollo social y econ\u00f3mico de la ciudad, mediante estrategias en conjunto que permitan ubicar a la capital de Michoac\u00e1n, como un lugar atractivo para la inversi\u00f3n.<\/p>\n<p>Finalmente Alfonso Mart\u00ednez, alcalde electo, reiter\u00f3 que la seguridad y la generaci\u00f3n de empleos, ser\u00e1n una prioridad en su Gobierno, por lo que la participaci\u00f3n ciudadana ser\u00e1 vital en este objetivo que tendr\u00e1 como objetivo primordial, velar por los morelianos.<\/p>\n","protected":false},"excerpt":{"rendered":"<p>Con el prop\u00f3sito de dar seguimiento al compromiso de abrir espacios de participaci\u00f3n ciudadana, en donde los morelianos tengan voz y voto en las acciones de Gobierno, el alcalde electo, Alfonso Mart\u00ednez Alc\u00e1zar, se reuni\u00f3 con representantes de la FUCIDIM.<\/p>\n","protected":false},"author":1,"featured_media":16276,"comment_status":"open","ping_status":"open","sticky":false,"template":"","format":"standard","meta":{"footnotes":""},"categories":[14],"tags":[],"class_list":["post-16275","post","type-post","status-publish","format-standard","has-post-thumbnail","hentry","category-destacadas"],"_links":{"self":[{"href":"https:\/\/radiowebmx.com\/nota\/wp-json\/wp\/v2\/posts\/16275","targetHints":{"allow":["GET"]}}],"collection":[{"href":"https:\/\/radiowebmx.com\/nota\/wp-json\/wp\/v2\/posts"}],"about":[{"href":"https:\/\/radiowebmx.com\/nota\/wp-json\/wp\/v2\/types\/post"}],"author":[{"embeddable":true,"href":"https:\/\/radiowebmx.com\/nota\/wp-json\/wp\/v2\/users\/1"}],"replies":[{"embeddable":true,"href":"https:\/\/radiowebmx.com\/nota\/wp-json\/wp\/v2\/comments?post=16275"}],"version-history":[{"count":1,"href":"https:\/\/radiowebmx.com\/nota\/wp-json\/wp\/v2\/posts\/16275\/revisions"}],"predecessor-version":[{"id":16277,"href":"https:\/\/radiowebmx.com\/nota\/wp-json\/wp\/v2\/posts\/16275\/revisions\/16277"}],"wp:featuredmedia":[{"embeddable":true,"href":"https:\/\/radiowebmx.com\/nota\/wp-json\/wp\/v2\/media\/16276"}],"wp:attachment":[{"href":"https:\/\/radiowebmx.com\/nota\/wp-json\/wp\/v2\/media?parent=16275"}],"wp:term":[{"taxonomy":"category","embeddable":true,"href":"https:\/\/radiowebmx.com\/nota\/wp-json\/wp\/v2\/categories?post=16275"},{"taxonomy":"post_tag","embeddable":true,"href":"https:\/\/radiowebmx.com\/nota\/wp-json\/wp\/v2\/tags?post=16275"}],"curies":[{"name":"wp","href":"https:\/\/api.w.org\/{rel}","templated":true}]}}