{"id":16225,"date":"2015-06-23T13:09:37","date_gmt":"2015-06-23T18:09:37","guid":{"rendered":"https:\/\/radiowebmx.com\/nota\/?p=16225"},"modified":"2015-06-23T13:09:37","modified_gmt":"2015-06-23T18:09:37","slug":"el-reto-es-dignificar-la-vida-de-los-michoacanos-cocoa","status":"publish","type":"post","link":"https:\/\/radiowebmx.com\/nota\/el-reto-es-dignificar-la-vida-de-los-michoacanos-cocoa\/","title":{"rendered":"El reto es dignificar la vida de los michoacanos: \u2018Cocoa\u2019"},"content":{"rendered":"<p>Tras reincorporase al Senado de la Rep\u00fablica y con un agradecimiento a los m\u00e1s de 420 mil michoacanos que le brindaron un voto totalmente libre y de confianza en busca de un mejor futuro para la entidad, la senadora Luisa Mar\u00eda Calder\u00f3n Hinojosa, apunt\u00f3 que no quitar\u00e1 el dedo del rengl\u00f3n de los problemas que aquejan a la sociedad Michoacana.<\/p>\n<p>&nbsp;<\/p>\n<p>Luego de reconocer que los problemas que enfrenta el estado no son menores y requieren de toda la voluntad pol\u00edtica para poder darles soluci\u00f3n, refiri\u00f3 que el reto principal para quienes estar\u00e1n al mando del gobierno estatal es la dignificaci\u00f3n de la vida de los michoacanos, as\u00ed como brindarles certidumbre para poder desarrollarse plenamente en la entidad, para lo cual se necesita la participaci\u00f3n de todos.<\/p>\n<p>&nbsp;<\/p>\n<p>\u201cMis objetivos no cambian, sigo anhelando un mejor Michoac\u00e1n en el que nuestros hijos puedan tener certidumbre, seguridad y representantes que realmente est\u00e9n preocupados por ellos, por eso desde la trinchera que me corresponda seguir\u00e9 viendo por el bien de mi gente, de los ciudadanos que me han dado su confianza una y otra vez y seguir\u00e9 trabajando por construir un futuro diferente para los michoacanos\u201d, resalt\u00f3.<\/p>\n<p>&nbsp;<\/p>\n<p>Al manifestar respeto absoluto a la decisi\u00f3n de los michoacanos que de acuerdo a los resultados electorales optaron por una propuesta de gobierno distinta a la que ella encabezaba, \u2018Cocoa\u2019 Calder\u00f3n asegur\u00f3 que el destino del estado es lo que est\u00e1 en juego, por lo que hizo votos para que las cosas pueden ser distintas y las promesas de campa\u00f1a del gobernador electo del PRD en verdad sean un hecho para la sociedad.<\/p>\n<p>&nbsp;<\/p>\n<p>Finalmente, Luisa Mar\u00eda Calder\u00f3n reconoci\u00f3 y agradeci\u00f3 el trabajo de su equipo de campa\u00f1a de las distintas regiones del estado \u2013en su mayor\u00eda integrado por j\u00f3venes- quienes con pasi\u00f3n y entrega estuvieron brindando su apoyo incondicional al proyecto durante el periodo que dur\u00f3 la contienda electoral y reiter\u00f3 que es la juventud el arma m\u00e1s fuerte que hay para conseguir la transformaci\u00f3n que Michoac\u00e1n requiere.<\/p>\n","protected":false},"excerpt":{"rendered":"<p>Tras reincorporase al Senado de la Rep\u00fablica y con un agradecimiento a los m\u00e1s de 420 mil michoacanos que le brindaron un voto totalmente libre y de confianza en busca de un mejor futuro para la entidad, la senadora Luisa Mar\u00eda Calder\u00f3n Hinojosa, <\/p>\n","protected":false},"author":1,"featured_media":16226,"comment_status":"open","ping_status":"open","sticky":false,"template":"","format":"standard","meta":{"footnotes":""},"categories":[6,14],"tags":[],"class_list":["post-16225","post","type-post","status-publish","format-standard","has-post-thumbnail","hentry","category-congreso-del-estado","category-destacadas"],"_links":{"self":[{"href":"https:\/\/radiowebmx.com\/nota\/wp-json\/wp\/v2\/posts\/16225","targetHints":{"allow":["GET"]}}],"collection":[{"href":"https:\/\/radiowebmx.com\/nota\/wp-json\/wp\/v2\/posts"}],"about":[{"href":"https:\/\/radiowebmx.com\/nota\/wp-json\/wp\/v2\/types\/post"}],"author":[{"embeddable":true,"href":"https:\/\/radiowebmx.com\/nota\/wp-json\/wp\/v2\/users\/1"}],"replies":[{"embeddable":true,"href":"https:\/\/radiowebmx.com\/nota\/wp-json\/wp\/v2\/comments?post=16225"}],"version-history":[{"count":1,"href":"https:\/\/radiowebmx.com\/nota\/wp-json\/wp\/v2\/posts\/16225\/revisions"}],"predecessor-version":[{"id":16227,"href":"https:\/\/radiowebmx.com\/nota\/wp-json\/wp\/v2\/posts\/16225\/revisions\/16227"}],"wp:featuredmedia":[{"embeddable":true,"href":"https:\/\/radiowebmx.com\/nota\/wp-json\/wp\/v2\/media\/16226"}],"wp:attachment":[{"href":"https:\/\/radiowebmx.com\/nota\/wp-json\/wp\/v2\/media?parent=16225"}],"wp:term":[{"taxonomy":"category","embeddable":true,"href":"https:\/\/radiowebmx.com\/nota\/wp-json\/wp\/v2\/categories?post=16225"},{"taxonomy":"post_tag","embeddable":true,"href":"https:\/\/radiowebmx.com\/nota\/wp-json\/wp\/v2\/tags?post=16225"}],"curies":[{"name":"wp","href":"https:\/\/api.w.org\/{rel}","templated":true}]}}