{"id":1622,"date":"2013-03-05T12:33:18","date_gmt":"2013-03-05T18:33:18","guid":{"rendered":"https:\/\/radiowebmx.com\/nota\/?p=1622"},"modified":"2013-03-05T12:33:18","modified_gmt":"2013-03-05T18:33:18","slug":"impacto-social-y-fuentes-de-empleo-traera-el-crit-de-morelia","status":"publish","type":"post","link":"https:\/\/radiowebmx.com\/nota\/impacto-social-y-fuentes-de-empleo-traera-el-crit-de-morelia\/","title":{"rendered":"IMPACTO SOCIAL Y FUENTES DE EMPLEO, TRAER\u00c1 EL CRIT DE MORELIA"},"content":{"rendered":"<p><a href=\"https:\/\/radiowebmx.com\/nota\/wp-content\/uploads\/2013\/03\/OLM.jpg\"><img loading=\"lazy\" decoding=\"async\" class=\"alignright size-medium wp-image-1623\" title=\"OLM\" src=\"https:\/\/radiowebmx.com\/nota\/wp-content\/uploads\/2013\/03\/OLM-300x274.jpg\" alt=\"\" width=\"300\" height=\"274\" \/><\/a>Adem\u00e1s del impacto social por el servicio que se dar\u00e1 a ni\u00f1os y j\u00f3venes con problemas de discapacidad, el Centro de Rehabilitaci\u00f3n Infantil Telet\u00f3n (CRIT) que se construir\u00e1 en Morelia, traer\u00e1 empleo para los michoacanos porque adem\u00e1s de las 500 fuentes de ocupaci\u00f3n que conllevar\u00e1 su edificaci\u00f3n, se crear\u00e1n al menos 90 trabajos para personal especializado y otros 300 para la actividades colaterales a la puesta en operaci\u00f3n de esa instituci\u00f3n, se\u00f1al\u00f3 el diputado Olivio L\u00f3pez M\u00fajica.<\/p>\n<p>Tras manifestar su benepl\u00e1cito por la aprobaci\u00f3n dada en el pleno de la LXXII Legislatura del Congreso del Estado para que el Ejecutivo desincorpore del patrimonio estatal y done el predio de 3.7 hect\u00e1reas donde se construir\u00e1 el CRIT, el presidente de la Comisi\u00f3n de Gobernaci\u00f3n destac\u00f3 la actividad que se desarrollar\u00e1 en torno a la obra, pues se aplicar\u00e1 una inversi\u00f3n de 200 millones de pesos por parte de la Fundaci\u00f3n Telet\u00f3n.<\/p>\n<p>L\u00f3pez M\u00fajica manifest\u00f3 que la construcci\u00f3n que habr\u00e1 de iniciarse en los pr\u00f3ximos d\u00edas requerir\u00e1 de medio millar de trabajadores que tendr\u00e1n una fuente de ocupaci\u00f3n durante al menos 8 meses.<\/p>\n<p>Se abre tambi\u00e9n una oportunidad para m\u00e9dicos, enfermeros, terapeutas y psic\u00f3logos, ya que de acuerdo con las previsiones de la Fundaci\u00f3n Telet\u00f3n, ser\u00e1n 90 los profesionales de tales ramas los que ser\u00e1n contratados para iniciar las operaciones del CRIT.<\/p>\n<p>En el plano social, agreg\u00f3, se cumplir\u00e1 con la atenci\u00f3n a mil ni\u00f1os y sus familias los que recibir\u00e1n la atenci\u00f3n que por ahora no se tiene en Michoac\u00e1n, lo que ha propiciado que personas con problemas de discapacidad tengan que ser llevados a otros estados de la Rep\u00fablica Mexicana donde ya hay instalados CRIT\u00b4s, gener\u00e1ndose gastos que las personas de escasos recursos no pueden solventar.<\/p>\n<p>Por lo tanto, estableci\u00f3 Olivio L\u00f3pez M\u00fajica, se espera un amplio beneficio para nuestro Estado con la instalaci\u00f3n del Centro de Rehabilitaci\u00f3n Infantil telet\u00f3n.<\/p>\n","protected":false},"excerpt":{"rendered":"<p>Adem\u00e1s del impacto social por el servicio que se dar\u00e1 a ni\u00f1os y j\u00f3venes con problemas de discapacidad, el Centro de Rehabilitaci\u00f3n Infantil Telet\u00f3n (CRIT) que se construir\u00e1 en Morelia, traer\u00e1 empleo para los michoacanos porque adem\u00e1s de las 500 fuentes de ocupaci\u00f3n que conllevar\u00e1 su edificaci\u00f3n, se crear\u00e1n al menos 90 trabajos para personal [&hellip;]<\/p>\n","protected":false},"author":1,"featured_media":0,"comment_status":"open","ping_status":"open","sticky":false,"template":"","format":"standard","meta":{"footnotes":""},"categories":[1],"tags":[],"class_list":["post-1622","post","type-post","status-publish","format-standard","hentry","category-sin-categoria"],"_links":{"self":[{"href":"https:\/\/radiowebmx.com\/nota\/wp-json\/wp\/v2\/posts\/1622","targetHints":{"allow":["GET"]}}],"collection":[{"href":"https:\/\/radiowebmx.com\/nota\/wp-json\/wp\/v2\/posts"}],"about":[{"href":"https:\/\/radiowebmx.com\/nota\/wp-json\/wp\/v2\/types\/post"}],"author":[{"embeddable":true,"href":"https:\/\/radiowebmx.com\/nota\/wp-json\/wp\/v2\/users\/1"}],"replies":[{"embeddable":true,"href":"https:\/\/radiowebmx.com\/nota\/wp-json\/wp\/v2\/comments?post=1622"}],"version-history":[{"count":2,"href":"https:\/\/radiowebmx.com\/nota\/wp-json\/wp\/v2\/posts\/1622\/revisions"}],"predecessor-version":[{"id":1625,"href":"https:\/\/radiowebmx.com\/nota\/wp-json\/wp\/v2\/posts\/1622\/revisions\/1625"}],"wp:attachment":[{"href":"https:\/\/radiowebmx.com\/nota\/wp-json\/wp\/v2\/media?parent=1622"}],"wp:term":[{"taxonomy":"category","embeddable":true,"href":"https:\/\/radiowebmx.com\/nota\/wp-json\/wp\/v2\/categories?post=1622"},{"taxonomy":"post_tag","embeddable":true,"href":"https:\/\/radiowebmx.com\/nota\/wp-json\/wp\/v2\/tags?post=1622"}],"curies":[{"name":"wp","href":"https:\/\/api.w.org\/{rel}","templated":true}]}}