{"id":16216,"date":"2015-06-22T12:32:54","date_gmt":"2015-06-22T17:32:54","guid":{"rendered":"https:\/\/radiowebmx.com\/nota\/?p=16216"},"modified":"2015-06-22T12:32:54","modified_gmt":"2015-06-22T17:32:54","slug":"inauguracion-de-la-expo-feria-michoacan-2015%e2%80%8f","status":"publish","type":"post","link":"https:\/\/radiowebmx.com\/nota\/inauguracion-de-la-expo-feria-michoacan-2015%e2%80%8f\/","title":{"rendered":"Inauguraci\u00f3n de la Expo Feria Michoac\u00e1n 2015\u200f"},"content":{"rendered":"<p>Luego de la inauguraci\u00f3n oficial de las actividades del Recinto Ferial,\u00a0<b>\u00a0<\/b>en un recorrido por los diferentes stands comerciales de la Expo Feria Michoac\u00e1n 2015, el presidente municipal de Morelia, Salvador Abud Mirabent, y su esposa Miriam Cruz de Abud, apreciaron las artesan\u00edas y degustaron los productos gastron\u00f3micos ofertados por los expositores, junto al gobernador Salvador Jara Guerrero y la se\u00f1ora Catherine Ettinger de Jara.<\/p>\n","protected":false},"excerpt":{"rendered":"<p>Luego de la inauguraci\u00f3n oficial de las actividades del Recinto Ferial,  en un recorrido por los diferentes stands comerciales de la Expo Feria Michoac\u00e1n 2015, el presidente municipal de Morelia, Salvador Abud Mirabent, <\/p>\n","protected":false},"author":1,"featured_media":16217,"comment_status":"open","ping_status":"open","sticky":false,"template":"","format":"standard","meta":{"footnotes":""},"categories":[14,9],"tags":[],"class_list":["post-16216","post","type-post","status-publish","format-standard","has-post-thumbnail","hentry","category-destacadas","category-morelia"],"_links":{"self":[{"href":"https:\/\/radiowebmx.com\/nota\/wp-json\/wp\/v2\/posts\/16216","targetHints":{"allow":["GET"]}}],"collection":[{"href":"https:\/\/radiowebmx.com\/nota\/wp-json\/wp\/v2\/posts"}],"about":[{"href":"https:\/\/radiowebmx.com\/nota\/wp-json\/wp\/v2\/types\/post"}],"author":[{"embeddable":true,"href":"https:\/\/radiowebmx.com\/nota\/wp-json\/wp\/v2\/users\/1"}],"replies":[{"embeddable":true,"href":"https:\/\/radiowebmx.com\/nota\/wp-json\/wp\/v2\/comments?post=16216"}],"version-history":[{"count":2,"href":"https:\/\/radiowebmx.com\/nota\/wp-json\/wp\/v2\/posts\/16216\/revisions"}],"predecessor-version":[{"id":16219,"href":"https:\/\/radiowebmx.com\/nota\/wp-json\/wp\/v2\/posts\/16216\/revisions\/16219"}],"wp:featuredmedia":[{"embeddable":true,"href":"https:\/\/radiowebmx.com\/nota\/wp-json\/wp\/v2\/media\/16217"}],"wp:attachment":[{"href":"https:\/\/radiowebmx.com\/nota\/wp-json\/wp\/v2\/media?parent=16216"}],"wp:term":[{"taxonomy":"category","embeddable":true,"href":"https:\/\/radiowebmx.com\/nota\/wp-json\/wp\/v2\/categories?post=16216"},{"taxonomy":"post_tag","embeddable":true,"href":"https:\/\/radiowebmx.com\/nota\/wp-json\/wp\/v2\/tags?post=16216"}],"curies":[{"name":"wp","href":"https:\/\/api.w.org\/{rel}","templated":true}]}}