{"id":16184,"date":"2015-06-19T12:20:46","date_gmt":"2015-06-19T17:20:46","guid":{"rendered":"https:\/\/radiowebmx.com\/nota\/?p=16184"},"modified":"2015-06-19T12:20:46","modified_gmt":"2015-06-19T17:20:46","slug":"actua-gobierno-del-estado-como-mediador-en-conflicto-entre-rutas-del-transporte-colectivo-en-morelia","status":"publish","type":"post","link":"https:\/\/radiowebmx.com\/nota\/actua-gobierno-del-estado-como-mediador-en-conflicto-entre-rutas-del-transporte-colectivo-en-morelia\/","title":{"rendered":"ACT\u00daA GOBIERNO DEL ESTADO COMO MEDIADOR EN CONFLICTO ENTRE RUTAS DEL TRANSPORTE COLECTIVO EN MORELIA"},"content":{"rendered":"<p>Bajo la consigna de apertura al di\u00e1logo y a la conciliaci\u00f3n que ha caracterizado a la actual administraci\u00f3n estatal, en cuanto a la atenci\u00f3n de todas las expresiones sociales del estado, el secretario de Gobierno, Jaime Esparza Cortina, recibi\u00f3 este d\u00eda a una comisi\u00f3n de representantes de diversas rutas de transporte p\u00fablico colectivo de esta ciudad, afiliadas a la Comisi\u00f3n Reguladora del Trasporte (CRT) para escuchar de viva voz sus inquietudes y demandas.<\/p>\n<p>Con la presencia del titular de la Comisi\u00f3n Coordinadora del Transporte (Cocotra), Crisp\u00edn Ernesto Gamboa Ram\u00edrez y del diputado local, Marco Trejo Pureco, el encargado de la pol\u00edtica interna del estado reconoci\u00f3 la disposici\u00f3n de los transportistas al acudir al llamado del gobierno, para encontrar en conjunto acuerdos importantes que permitan llegar a la resoluci\u00f3n de la problem\u00e1tica de la invasi\u00f3n de rutas.<\/p>\n<p>\u201cCreo que este asunto puede solventarse si se sigue por el camino del di\u00e1logo, si se siguen las pl\u00e1ticas, si se siguen realizando este tipo de reuniones para resolver no solamente el problema de las rutas, sino tambi\u00e9n los de car\u00e1cter legal\u201d, complement\u00f3.<\/p>\n<p>Dijo tambi\u00e9n que es vital encontrar una soluci\u00f3n y que s\u00f3lo podr\u00e1 darse aplicando la ley, en la que se determinen alternativas donde nadie pierda, mediante un acuerdo de voluntades para mejorar la atenci\u00f3n a los ciudadanos.<\/p>\n<p>Ya avanzada la reuni\u00f3n y una vez que se vertieron en la mesa los pronunciamientos de los trasportistas, el titular de Cocotra llev\u00f3 a cabo una exposici\u00f3n de los avances de las reuniones que se han llevado a cabo con ambos grupos, por separado.<\/p>\n<p>Al respecto, dej\u00f3 en claro que si bien se trata de un asunto interno de rutas, el gobierno ha intervenido de manera responsable, a manera de mediar para llegar a una soluci\u00f3n que deje satisfechos a los dos grupos.<\/p>\n<p>\u201cEl gobernador y el secretario Esparza han sido muy precisos, no debemos influir ni inclinarnos a ning\u00fan grupo, esa es la pol\u00edtica de estado, de puertas abiertas y totalmente imparcial a todo inter\u00e9s particular\u201d, a\u00f1adi\u00f3 Gamboa Ram\u00edrez.<\/p>\n<p>En este sentido, el titular de Cocotra hizo hincapi\u00e9 en la necesidad de que ambos grupos lleguen, a trav\u00e9s de acuerdo de voluntades, a la resoluci\u00f3n pac\u00edfica y consensuada de sus diferencias, de no ser as\u00ed, es deber y obligaci\u00f3n del Ejecutivo, aplicar la ley de manera indistinta de acuerdo a los ordenamientos jur\u00eddicos en la materia.<\/p>\n<p>Cabe se\u00f1alar que una reuni\u00f3n de esta misma naturaleza, se llevar\u00e1 a cabo con la otra asociaci\u00f3n de transportistas el pr\u00f3ximo lunes 22 del presente mes y a\u00f1o, con la finalidad de darles a conocer este preciso panorama y ofrecer de manera equitativa el apoyo gubernamental como mediador de este conflicto.<\/p>\n<p>Una vez finalizada esta sesi\u00f3n de trabajo, se pudieron dar a conocer los acuerdos alcanzados con la CRT entre los cuales destacan: Intensificar operativos en las rutas en conflicto y la celebraci\u00f3n de reuniones de trabajo y di\u00e1logo constante.<\/p>\n<p>Por su parte, el diputado Trejo Pureco inform\u00f3 que desde el Poder Legislativo se ha puesto especial inter\u00e9s en el perfeccionamiento de la Ley de Transporte, que sin duda, una vez concretada, brindar\u00e1 seguridad y certeza jur\u00eddica a concesionarios, operadores y usuarios de este servicio.<\/p>\n<p>A esta mesa acudieron entre otros; Rafael Reyes, coordinador de la CRT Morelia; Pablo Salazar, presidente de la CRT Morelia; Miguel A. Mart\u00ednez, coordinador de la Ruta Roja 1 y 2; Eusebio Tzir\u00f3ndaro, coordinador de la Ruta Roja 4; Alfredo V\u00e1zquez, coordinador de la Ruta Crema; Adri\u00e1n Vargas, coordinador de la Ruta Amarilla; Arturo Hern\u00e1ndez, coordinador de la Ruta Guinda y Renaldo Rangel, coordinador de la Ruta Roja 3.<b><\/b><\/p>\n","protected":false},"excerpt":{"rendered":"<p>Bajo la consigna de apertura al di\u00e1logo y a la conciliaci\u00f3n que ha caracterizado a la actual administraci\u00f3n estatal, en cuanto a la atenci\u00f3n de todas las expresiones sociales del estado, el secretario de Gobierno, Jaime Esparza Cortina, recibi\u00f3 este d\u00eda a una comisi\u00f3n de representantes de diversas rutas de transporte p\u00fablico colectivo de esta ciudad,<\/p>\n","protected":false},"author":1,"featured_media":16185,"comment_status":"open","ping_status":"open","sticky":false,"template":"","format":"standard","meta":{"footnotes":""},"categories":[14,3],"tags":[],"class_list":["post-16184","post","type-post","status-publish","format-standard","has-post-thumbnail","hentry","category-destacadas","category-gobierno-del-estado-de-michoacan"],"_links":{"self":[{"href":"https:\/\/radiowebmx.com\/nota\/wp-json\/wp\/v2\/posts\/16184","targetHints":{"allow":["GET"]}}],"collection":[{"href":"https:\/\/radiowebmx.com\/nota\/wp-json\/wp\/v2\/posts"}],"about":[{"href":"https:\/\/radiowebmx.com\/nota\/wp-json\/wp\/v2\/types\/post"}],"author":[{"embeddable":true,"href":"https:\/\/radiowebmx.com\/nota\/wp-json\/wp\/v2\/users\/1"}],"replies":[{"embeddable":true,"href":"https:\/\/radiowebmx.com\/nota\/wp-json\/wp\/v2\/comments?post=16184"}],"version-history":[{"count":2,"href":"https:\/\/radiowebmx.com\/nota\/wp-json\/wp\/v2\/posts\/16184\/revisions"}],"predecessor-version":[{"id":16187,"href":"https:\/\/radiowebmx.com\/nota\/wp-json\/wp\/v2\/posts\/16184\/revisions\/16187"}],"wp:featuredmedia":[{"embeddable":true,"href":"https:\/\/radiowebmx.com\/nota\/wp-json\/wp\/v2\/media\/16185"}],"wp:attachment":[{"href":"https:\/\/radiowebmx.com\/nota\/wp-json\/wp\/v2\/media?parent=16184"}],"wp:term":[{"taxonomy":"category","embeddable":true,"href":"https:\/\/radiowebmx.com\/nota\/wp-json\/wp\/v2\/categories?post=16184"},{"taxonomy":"post_tag","embeddable":true,"href":"https:\/\/radiowebmx.com\/nota\/wp-json\/wp\/v2\/tags?post=16184"}],"curies":[{"name":"wp","href":"https:\/\/api.w.org\/{rel}","templated":true}]}}