{"id":16180,"date":"2015-06-19T12:14:20","date_gmt":"2015-06-19T17:14:20","guid":{"rendered":"https:\/\/radiowebmx.com\/nota\/?p=16180"},"modified":"2015-06-19T12:14:20","modified_gmt":"2015-06-19T17:14:20","slug":"peatonesprimero-por-una-cultura-de-respeto-abud","status":"publish","type":"post","link":"https:\/\/radiowebmx.com\/nota\/peatonesprimero-por-una-cultura-de-respeto-abud\/","title":{"rendered":"PEAT\u00d3NESPRIMERO, por una cultura de respeto: Abud"},"content":{"rendered":"<p><span style=\"color: #000000;\"><span style=\"font-size: medium;\">El presidente municipal de Morelia, Salvador Abud Mirabent, present\u00f3 de manera oficial el programa \u201c<b>PEAT\u00d3N<\/b>ES\u00a0\u00a0<b>PRIMERO<\/b>\u201d, iniciativa creada con el objetivo de generar conciencia entre los morelianos, al momento de transitar, promoviendo una cultura vial m\u00e1s incluyente.<\/span><\/span><\/p>\n<p><span style=\"color: #000000; font-size: medium;\">\u00a0<\/span><\/p>\n<p><span style=\"color: #000000;\"><span style=\"font-size: medium;\">Adem\u00e1s de generar espacios de convivencia, esta iniciativa contempla el balizamiento de 70 puntos estrat\u00e9gicos, por donde la ciudadan\u00eda deber\u00e1 cruzar las calles con mayor seguridad, para ello fueron dise\u00f1adas im\u00e1genes creativas y de color f\u00e1cilmente identificables.<\/span><\/span><\/p>\n<p><span style=\"color: #000000; font-size: medium;\">\u00a0<\/span><\/p>\n<p><span style=\"color: #000000;\"><span style=\"font-size: medium;\">El presidente municipal celebr\u00f3 que la administraci\u00f3n que preside haya creado esta pol\u00edtica p\u00fablica y confi\u00f3 en que \u201c<b>PEAT\u00d3N<\/b>ES\u00a0\u00a0<b>PRIMERO<\/b>\u201d logre penetrar en la conciencia de los ciudadanos tal y como, en su momento, lo logr\u00f3 el proyecto de \u201cUno en uno\u201d.<\/span><\/span><\/p>\n<p><span style=\"color: #000000; font-size: medium;\">\u00a0<\/span><\/p>\n<p><span style=\"color: #000000;\"><span style=\"font-size: medium;\">Adem\u00e1s de cuidar la integridad f\u00edsica de los peatones, esta idea pretende hacer cumplir y valer el reglamento de tr\u00e1nsito, obligando a los ciudadanos a transitar correctamente y cruzar las calles y avenidas por los lugares oficiales.<\/span><\/span><\/p>\n<p><span style=\"color: #000000; font-size: medium;\">\u00a0<\/span><\/p>\n<p><span style=\"color: #000000;\"><span style=\"font-size: medium;\">Al ser la capital michoacana una \u201cCiudad Educadora\u201d, el presidente Abud Mirabent expres\u00f3 el compromiso del gobierno municipal de inducir ense\u00f1anza vial entre la poblaci\u00f3n, para evitar con ello\u00a0\u00a0accidentes viales como los atropellamientos, que han causado la muerte de quienes lo sufren.<\/span><\/span><\/p>\n<p><span style=\"color: #000000; font-size: medium;\">\u00a0<\/span><\/p>\n<p><span style=\"color: #000000;\"><span style=\"font-size: medium;\">Para lograr intervenir el mayor n\u00famero de pasos cebra en la ciudad, el Ayuntamiento de Morelia convoc\u00f3 a la iniciativa privada\u00a0\u00a0y organizaciones de la sociedad civil que conviven en la ciudad, a adoptar un paso peatonal para personalizarlo.<\/span><\/span><\/p>\n<p><span style=\"color: #000000; font-size: medium;\">\u00a0<\/span><\/p>\n<p><span style=\"color: #000000; font-size: medium;\">\u00a0<\/span><\/p>\n<p><span style=\"color: #000000;\"><span style=\"font-size: medium;\">El proyecto \u201c<b>PEAT\u00d3N<\/b>ES\u00a0\u00a0<b>PRIMERO<\/b>\u201d fue bien recibido y alagado por el representante de la organizaci\u00f3n\u00a0<i>Futura<\/i>, Gilberto Morelia, quien ofreci\u00f3 todo el apoyo al presidente municipal para lograr el \u00e9xito y objetivo planeado en esta idea original.<\/span><\/span><\/p>\n<p><span style=\"color: #000000; font-size: medium;\">\u00a0<\/span><\/p>\n<p><span style=\"color: #000000; font-size: medium;\">Los ciudadanos pueden consultar las actividades e informaci\u00f3n de esta iniciativa en distintas plataformas como Facebook: Peat\u00f3nEs Primero, p\u00e1gina web:\u00a0<\/span><a href=\"http:\/\/www.peatonesprimero.org\/\" target=\"_blank\"><span style=\"color: #0000ff; font-size: medium;\">www.peatonesprimero.org<\/span><\/a><\/p>\n<p><span style=\"color: #000000; font-size: medium;\">\u00a0<\/span><\/p>\n<p><span style=\"color: #000000; font-size: medium;\">\u00a0<\/span><\/p>\n<p><b><span style=\"font-size: medium;\"><span style=\"color: #000000;\">RECUADRO:<\/span><\/span><\/b><\/p>\n<p><span style=\"font-size: medium;\"><span style=\"color: #000000;\">Se inici\u00f3 el balizamiento de pasos peatonales en los cruces de las siguientes calles:<\/span><\/span><\/p>\n<p><span style=\"color: #000000; font-size: medium;\">\u00a0<\/span><\/p>\n<p><span style=\"font-size: medium;\"><span style=\"color: #000000;\">-Zaragoza y Madero oriente<\/span><\/span><\/p>\n<p><span style=\"font-size: medium;\"><span style=\"color: #000000;\">-Zaragoza y Madero poniente<\/span><\/span><\/p>\n<p><span style=\"font-size: medium;\"><span style=\"color: #000000;\">-Benito Ju\u00e1rez y Madero poniente<\/span><\/span><\/p>\n<p><span style=\"font-size: medium;\"><span style=\"color: #000000;\">-Benito Ju\u00e1rez y Madero oriente<\/span><\/span><\/p>\n<p><span style=\"font-size: medium;\"><span style=\"color: #000000;\">-Abasolo y Madero Oriente<\/span><\/span><\/p>\n<p><span style=\"font-size: medium;\"><span style=\"color: #000000;\">-Cruce Camelinas y Virrey de Mendoza.<\/span><\/span><\/p>\n","protected":false},"excerpt":{"rendered":"<p>El presidente municipal de Morelia, Salvador Abud Mirabent, present\u00f3 de manera oficial el programa \u201cPEAT\u00d3NES  PRIMERO\u201d, iniciativa creada con el objetivo de generar conciencia entre los morelianos, al momento de transitar, promoviendo una cultura vial m\u00e1s incluyente.<\/p>\n","protected":false},"author":1,"featured_media":16181,"comment_status":"open","ping_status":"open","sticky":false,"template":"","format":"standard","meta":{"footnotes":""},"categories":[14,9],"tags":[],"class_list":["post-16180","post","type-post","status-publish","format-standard","has-post-thumbnail","hentry","category-destacadas","category-morelia"],"_links":{"self":[{"href":"https:\/\/radiowebmx.com\/nota\/wp-json\/wp\/v2\/posts\/16180","targetHints":{"allow":["GET"]}}],"collection":[{"href":"https:\/\/radiowebmx.com\/nota\/wp-json\/wp\/v2\/posts"}],"about":[{"href":"https:\/\/radiowebmx.com\/nota\/wp-json\/wp\/v2\/types\/post"}],"author":[{"embeddable":true,"href":"https:\/\/radiowebmx.com\/nota\/wp-json\/wp\/v2\/users\/1"}],"replies":[{"embeddable":true,"href":"https:\/\/radiowebmx.com\/nota\/wp-json\/wp\/v2\/comments?post=16180"}],"version-history":[{"count":2,"href":"https:\/\/radiowebmx.com\/nota\/wp-json\/wp\/v2\/posts\/16180\/revisions"}],"predecessor-version":[{"id":16183,"href":"https:\/\/radiowebmx.com\/nota\/wp-json\/wp\/v2\/posts\/16180\/revisions\/16183"}],"wp:featuredmedia":[{"embeddable":true,"href":"https:\/\/radiowebmx.com\/nota\/wp-json\/wp\/v2\/media\/16181"}],"wp:attachment":[{"href":"https:\/\/radiowebmx.com\/nota\/wp-json\/wp\/v2\/media?parent=16180"}],"wp:term":[{"taxonomy":"category","embeddable":true,"href":"https:\/\/radiowebmx.com\/nota\/wp-json\/wp\/v2\/categories?post=16180"},{"taxonomy":"post_tag","embeddable":true,"href":"https:\/\/radiowebmx.com\/nota\/wp-json\/wp\/v2\/tags?post=16180"}],"curies":[{"name":"wp","href":"https:\/\/api.w.org\/{rel}","templated":true}]}}