{"id":16177,"date":"2015-06-19T12:10:36","date_gmt":"2015-06-19T17:10:36","guid":{"rendered":"https:\/\/radiowebmx.com\/nota\/?p=16177"},"modified":"2015-06-19T12:10:36","modified_gmt":"2015-06-19T17:10:36","slug":"salud-y-deporte-temas-de-conciencia-ciudadana-abud","status":"publish","type":"post","link":"https:\/\/radiowebmx.com\/nota\/salud-y-deporte-temas-de-conciencia-ciudadana-abud\/","title":{"rendered":"Salud y deporte, temas de conciencia ciudadana: Abud"},"content":{"rendered":"<p><span style=\"font-size: medium;\"><span style=\"color: #000000;\">Salvador Abud Mirabent, presidente municipal de Morelia, asegur\u00f3 que una de las prioridades del Gobierno municipal es sembrar en la conciencia ciudadana un v\u00ednculo estrecho entre la salud y el deporte, as\u00ed como sumar voluntades para proyectar a Morelia como la capital nacional del deporte.<\/span><\/span><\/p>\n<p><span style=\"color: #000000; font-size: medium;\">\u00a0<\/span><\/p>\n<p><span style=\"font-size: medium;\"><span style=\"color: #000000;\">As\u00ed lo manifest\u00f3 durante la bienvenida que dio a las personalidades de la comunidad deportiva nacional e internacional as\u00ed como a las autoridades de los tres niveles de gobierno en el Complejo Deportivo Bicentenario, durante la apertura de la tercera edici\u00f3n de Deportium, la fiesta moreliana del deporte que persigue el desarrollo humano de los ni\u00f1os y j\u00f3venes del municipio<\/span><\/span><\/p>\n<p><span style=\"color: #000000; font-size: medium;\">\u00a0<\/span><\/p>\n<p><span style=\"font-size: medium;\"><span style=\"color: #000000;\">El alcalde agradeci\u00f3 la voluntad del Gobierno de la Rep\u00fablica y la iniciativa de los funcionarios municipales que hicieron posible que los morelianos participen del Congreso de Ciencias Aplicadas al Deporte, uno de los m\u00e1s importantes en el pa\u00eds.<\/span><\/span><\/p>\n<p><span style=\"color: #000000; font-size: medium;\">\u00a0<\/span><\/p>\n<p><span style=\"font-size: medium;\"><span style=\"color: #000000;\">Abud Mirabent asegur\u00f3 que, con esta celebraci\u00f3n, Morelia no s\u00f3lo est\u00e1 preparada para rebasar las expectativas y el \u00e9xito alcanzado en los a\u00f1os pasados, sino tambi\u00e9n para aportar la investigaci\u00f3n al m\u00e9todo cient\u00edfico del deporte nacional.<\/span><\/span><\/p>\n<p><span style=\"color: #000000; font-size: medium;\">\u00a0<\/span><\/p>\n<p><span style=\"font-size: medium;\"><span style=\"color: #000000;\">De este modo, con la participaci\u00f3n de 4 mil 500 asistentes, la realizaci\u00f3n de 20 ponencias, 16 talleres, 5 cl\u00ednicas, 8 mesas de trabajo, adem\u00e1s de las exposiciones de deporte paral\u00edmpico y ol\u00edmpico; los estudiantes, investigadores, profesores y entusiastas del deporte ser\u00e1n los protagonistas de Deportium, el cual se ha ido consolidando como un proyecto del que han nacido desde hace tres a\u00f1os m\u00e1s campeones para Morelia, para Michoac\u00e1n\u00a0\u00a0y de M\u00e9xico para el mundo deportivo.<\/span><\/span><\/p>\n<p><span style=\"color: #000000; font-size: medium;\">\u00a0<\/span><\/p>\n<p><span style=\"font-size: medium;\"><span style=\"color: #000000;\">Abud Mirabent augur\u00f3 todo el \u00e9xito a la tercera edici\u00f3n, sobre todo por la incorporaci\u00f3n masiva de actividades f\u00edsicas y recreativas, que tienen como prop\u00f3sito el fortalecimiento del tejido social en la capital michoacana.<\/span><\/span><\/p>\n<p><span style=\"color: #000000; font-size: medium;\">\u00a0<\/span><\/p>\n<p><span style=\"font-size: medium;\"><span style=\"color: #000000;\">A su vez, el edil reconoci\u00f3 el desempe\u00f1o y esp\u00edritu competitivo de los j\u00f3venes deportistas, por su talento y mente brillante, as\u00ed como de los entrenadores deseosos de descubrir e impulsar el fen\u00f3meno deportivo.<\/span><\/span><\/p>\n<p><span style=\"color: #000000; font-size: medium;\">\u00a0<\/span><\/p>\n<p><span style=\"font-size: medium;\"><span style=\"color: #000000;\">Finalmente, el presidente municipal de Morelia agradeci\u00f3 a los ponentes, profesionales, estudiantes, as\u00ed como autoridades de la Conade, a nombre de los morelianos, su apoyo para la realizaci\u00f3n de este importante evento deportivo.<\/span><\/span><\/p>\n","protected":false},"excerpt":{"rendered":"<p>Salvador Abud Mirabent, presidente municipal de Morelia, asegur\u00f3 que una de las prioridades del Gobierno municipal es sembrar en la conciencia ciudadana un v\u00ednculo estrecho entre la salud y el deporte, as\u00ed como sumar voluntades para proyectar a Morelia como la capital nacional del deporte.<\/p>\n","protected":false},"author":1,"featured_media":16178,"comment_status":"open","ping_status":"open","sticky":false,"template":"","format":"standard","meta":{"footnotes":""},"categories":[14,9],"tags":[],"class_list":["post-16177","post","type-post","status-publish","format-standard","has-post-thumbnail","hentry","category-destacadas","category-morelia"],"_links":{"self":[{"href":"https:\/\/radiowebmx.com\/nota\/wp-json\/wp\/v2\/posts\/16177","targetHints":{"allow":["GET"]}}],"collection":[{"href":"https:\/\/radiowebmx.com\/nota\/wp-json\/wp\/v2\/posts"}],"about":[{"href":"https:\/\/radiowebmx.com\/nota\/wp-json\/wp\/v2\/types\/post"}],"author":[{"embeddable":true,"href":"https:\/\/radiowebmx.com\/nota\/wp-json\/wp\/v2\/users\/1"}],"replies":[{"embeddable":true,"href":"https:\/\/radiowebmx.com\/nota\/wp-json\/wp\/v2\/comments?post=16177"}],"version-history":[{"count":1,"href":"https:\/\/radiowebmx.com\/nota\/wp-json\/wp\/v2\/posts\/16177\/revisions"}],"predecessor-version":[{"id":16179,"href":"https:\/\/radiowebmx.com\/nota\/wp-json\/wp\/v2\/posts\/16177\/revisions\/16179"}],"wp:featuredmedia":[{"embeddable":true,"href":"https:\/\/radiowebmx.com\/nota\/wp-json\/wp\/v2\/media\/16178"}],"wp:attachment":[{"href":"https:\/\/radiowebmx.com\/nota\/wp-json\/wp\/v2\/media?parent=16177"}],"wp:term":[{"taxonomy":"category","embeddable":true,"href":"https:\/\/radiowebmx.com\/nota\/wp-json\/wp\/v2\/categories?post=16177"},{"taxonomy":"post_tag","embeddable":true,"href":"https:\/\/radiowebmx.com\/nota\/wp-json\/wp\/v2\/tags?post=16177"}],"curies":[{"name":"wp","href":"https:\/\/api.w.org\/{rel}","templated":true}]}}