{"id":16170,"date":"2015-06-19T12:02:41","date_gmt":"2015-06-19T17:02:41","guid":{"rendered":"https:\/\/radiowebmx.com\/nota\/?p=16170"},"modified":"2015-06-19T12:02:41","modified_gmt":"2015-06-19T17:02:41","slug":"morelia-lista-para-asumir-retos-de-proteccion-al-patrimonio-cultural","status":"publish","type":"post","link":"https:\/\/radiowebmx.com\/nota\/morelia-lista-para-asumir-retos-de-proteccion-al-patrimonio-cultural\/","title":{"rendered":"Morelia, lista para asumir retos de protecci\u00f3n al patrimonio cultural"},"content":{"rendered":"<p><span style=\"color: #000000;\">La ciudad de Morelia est\u00e1 preparada para asumir los nuevos retos que los gobiernos deben tomar al ser estos protectores del patrimonio cultural de M\u00e9xico, afirm\u00f3 el presidente municipal Salvador Abud Mirabent, durante la inauguraci\u00f3n del XXXIV Symposium \u201cA 50 a\u00f1os del ICOMOS Mexicano, Retos y Perspectivas\u201d, donde dio la bienvenida a las autoridades estatales y federales que concurrieron al inicio de las mesas de trabajo de dicho programa acad\u00e9mico.<\/span><\/p>\n<p><span style=\"color: #000000;\">\u00a0<\/span><\/p>\n<p><span style=\"color: #000000;\">En este sentido, el alcalde se congratul\u00f3 de que los morelianos celebren el 50 aniversario del Consejo Internacional de Monumentos y Sitios en nuestro pa\u00eds, sobre todo por la oportunidad de trabajar de la mano con dicho consejo para hacer una evaluaci\u00f3n del trabajo as\u00ed como plantear acciones que permitan reconocer las fortalezas y afrontar los nuevos retos y perspectivas que enfrenta la protecci\u00f3n del patrimonio cultural en M\u00e9xico, ante las tendencias globalizadoras.<\/span><\/p>\n<p><span style=\"color: #000000;\">\u00a0<\/span><\/p>\n<p><span style=\"color: #000000;\">De este modo, Abud Mirabent dio la bienvenida a Salvador Jara Guerrero, gobernador de Michoac\u00e1n; Catherin Ettinger, presidenta del Sistema DIF Michoac\u00e1n; Olga Orive Bellinger, presidenta nacional de ICOMOS Mexicano A.C.; Arturo Balandrano, coordinador nacional de monumentos hist\u00f3ricos del INAH; Dolores Mart\u00ednez Orralde, directora de Arquitectura del INBA, y Juan Cabrera Aceves, coordinador del ICOMOS Michoac\u00e1n, as\u00ed como al resto de ponentes y participantes del symposium.<\/span><\/p>\n<p><span style=\"color: #000000;\">\u00a0<\/span><\/p>\n<p><span style=\"color: #000000;\">Durante el acto inaugural, el edil asegur\u00f3 que Morelia es digno ejemplo de la importancia de este encuentro, sobre todo porque la ciudad constituye un bello marco de construcciones arquitect\u00f3nicas que resguarda la memoria hist\u00f3rica de los morelianos y los mexicanos, toda vez que la antigua Valladolid es un sitio profundas\u00a0\u00a0ra\u00edces, adem\u00e1s de que forma parte de una de las etapas m\u00e1s importantes para la construcci\u00f3n la naci\u00f3n mexicana.<\/span><\/p>\n<p><span style=\"color: #000000;\">\u00a0<\/span><\/p>\n<p><span style=\"color: #000000;\">De este modo, Abud Mirabent reconoci\u00f3 que al menos 250 edificios hist\u00f3ricos de influencia renacentista, barroca y neocl\u00e1sica embellecen el Centro Hist\u00f3rico de Morelia y son motivo de una importante afluencia tur\u00edstica en Michoac\u00e1n, lo cual da muestra de una identidad \u00fanica, tanto cultural como racial.<\/span><\/p>\n<p><span style=\"color: #000000;\">\u00a0<\/span><\/p>\n<p><span style=\"color: #000000;\">Por estas consideraciones y la importancia que esto representa en t\u00e9rminos de bienestar para miles de familias morelianas Morelia hace suyos los objetivos de ICOMOS y se suma a los nuevos retos que debemos asumir los gobiernos locales como protectores de esta digna labor, ya que la identidad mexicana debe verse privilegiada por el trabajo de todos nosotros y en esta coyuntura de trabajo debe ser el faro de nuestras acciones y acuerdos, dijo Abud Miranbent.<\/span><\/p>\n","protected":false},"excerpt":{"rendered":"<p>La ciudad de Morelia est\u00e1 preparada para asumir los nuevos retos que los gobiernos deben tomar al ser estos protectores del patrimonio cultural de M\u00e9xico, afirm\u00f3 el presidente municipal Salvador Abud Mirabent, durante la inauguraci\u00f3n del XXXIV Symposium \u201cA 50 a\u00f1os del ICOMOS Mexicano, Retos y Perspectivas\u201d<\/p>\n","protected":false},"author":1,"featured_media":16171,"comment_status":"open","ping_status":"open","sticky":false,"template":"","format":"standard","meta":{"footnotes":""},"categories":[14,9],"tags":[],"class_list":["post-16170","post","type-post","status-publish","format-standard","has-post-thumbnail","hentry","category-destacadas","category-morelia"],"_links":{"self":[{"href":"https:\/\/radiowebmx.com\/nota\/wp-json\/wp\/v2\/posts\/16170","targetHints":{"allow":["GET"]}}],"collection":[{"href":"https:\/\/radiowebmx.com\/nota\/wp-json\/wp\/v2\/posts"}],"about":[{"href":"https:\/\/radiowebmx.com\/nota\/wp-json\/wp\/v2\/types\/post"}],"author":[{"embeddable":true,"href":"https:\/\/radiowebmx.com\/nota\/wp-json\/wp\/v2\/users\/1"}],"replies":[{"embeddable":true,"href":"https:\/\/radiowebmx.com\/nota\/wp-json\/wp\/v2\/comments?post=16170"}],"version-history":[{"count":2,"href":"https:\/\/radiowebmx.com\/nota\/wp-json\/wp\/v2\/posts\/16170\/revisions"}],"predecessor-version":[{"id":16173,"href":"https:\/\/radiowebmx.com\/nota\/wp-json\/wp\/v2\/posts\/16170\/revisions\/16173"}],"wp:featuredmedia":[{"embeddable":true,"href":"https:\/\/radiowebmx.com\/nota\/wp-json\/wp\/v2\/media\/16171"}],"wp:attachment":[{"href":"https:\/\/radiowebmx.com\/nota\/wp-json\/wp\/v2\/media?parent=16170"}],"wp:term":[{"taxonomy":"category","embeddable":true,"href":"https:\/\/radiowebmx.com\/nota\/wp-json\/wp\/v2\/categories?post=16170"},{"taxonomy":"post_tag","embeddable":true,"href":"https:\/\/radiowebmx.com\/nota\/wp-json\/wp\/v2\/tags?post=16170"}],"curies":[{"name":"wp","href":"https:\/\/api.w.org\/{rel}","templated":true}]}}