{"id":16166,"date":"2015-06-19T11:57:08","date_gmt":"2015-06-19T16:57:08","guid":{"rendered":"https:\/\/radiowebmx.com\/nota\/?p=16166"},"modified":"2015-06-19T11:57:08","modified_gmt":"2015-06-19T16:57:08","slug":"en-morelia-reunion-centro-occidente-de-pueblos-magicos","status":"publish","type":"post","link":"https:\/\/radiowebmx.com\/nota\/en-morelia-reunion-centro-occidente-de-pueblos-magicos\/","title":{"rendered":"EN MORELIA, REUNI\u00d3N CENTRO-OCCIDENTE DE PUEBLOS M\u00c1GICOS"},"content":{"rendered":"<p>El Secretario de Turismo del Estado, Carlos \u00c1vila Pedraza, inform\u00f3 que este jueves en Morelia, se re\u00fanen 17 Pueblos M\u00e1gicos pertenecientes a seis estados, en el Seminario Taller \u201cDesarrollo e implementaci\u00f3n de la metodolog\u00eda para que los Pueblos M\u00e1gicos elaboren programas de trabajo\u201d.<\/p>\n<p>Puntualiz\u00f3 que las actividades se llevan a cabo en la propia Secretar\u00eda de Turismo del Estado y el objetivo es que los asistentes reciban las herramientas de conocimiento pr\u00e1cticas que les permita planear de manera estrat\u00e9gica acciones e inversiones para el desarrollo de los Pueblos M\u00e1gicos.<\/p>\n<p>\u00c1vila Pedraza puntualiz\u00f3 que al frente de la capacitaci\u00f3n se encuentra el Mtro. Jos\u00e9 \u00c1ngel D\u00edaz Rebolledo, Director de Gesti\u00f3n de Destinos de la Secretar\u00eda Federal de Turismo.<\/p>\n<p>Los estados y Pueblos M\u00e1gicos reunidos son: Nayarit (Jala); Jalisco (Lagos de Moreno, Mazamitla, San Sebasti\u00e1n del Oeste, Tapalpa y Tequila); Colima (Comala), Michoac\u00e1n (Angangueo, Cuitzeo, Jiquilpan, P\u00e1tzcuaro, Santa Clara del Cobre, Tac\u00e1mbaro, Tlalpujahua, Tzintzuntzan), Guerrero (Taxco), Oaxaca (Capul\u00e1lpam).<\/p>\n<p>El Taller se divide en Planeaci\u00f3n y Programa de Trabajo. En materia de Planeaci\u00f3n destacan los temas: La planeaci\u00f3n y sus herramientas b\u00e1sicas; an\u00e1lisis situacional FODA; Establecer Visi\u00f3n y Misi\u00f3n; Determinaci\u00f3n de objetivos y metas; Generaci\u00f3n de Plan de Trabajo; Medici\u00f3n y ajuste de resultados.<\/p>\n<p>En el Programa de Trabajo se imparten: El Turismo\u00a0 en el Pueblo M\u00e1gico; Misi\u00f3n y Visi\u00f3n; An\u00e1lisis FODA; Objetivos y l\u00edneas de acci\u00f3n; Indicadores de competitividad y sustentabilidad y Portafolio de proyectos de inversi\u00f3n.<\/p>\n<p>Cabe destacar que estas acciones se insertan en el esquema de trabajo de las Secretar\u00edas de Turismo Federal y Estatal para ajustar los destinos inscritos en los Pueblos M\u00e1gicos a las reglas de operaci\u00f3n establecidas para su permanencia en el listado.<\/p>\n","protected":false},"excerpt":{"rendered":"<p>El Secretario de Turismo del Estado, Carlos \u00c1vila Pedraza, inform\u00f3 que este jueves en Morelia, se re\u00fanen 17 Pueblos M\u00e1gicos pertenecientes a seis estados, en el Seminario Taller \u201cDesarrollo e implementaci\u00f3n de la metodolog\u00eda para que los Pueblos M\u00e1gicos elaboren programas de trabajo\u201d.<\/p>\n","protected":false},"author":1,"featured_media":16167,"comment_status":"open","ping_status":"open","sticky":false,"template":"","format":"standard","meta":{"footnotes":""},"categories":[14,3],"tags":[],"class_list":["post-16166","post","type-post","status-publish","format-standard","has-post-thumbnail","hentry","category-destacadas","category-gobierno-del-estado-de-michoacan"],"_links":{"self":[{"href":"https:\/\/radiowebmx.com\/nota\/wp-json\/wp\/v2\/posts\/16166","targetHints":{"allow":["GET"]}}],"collection":[{"href":"https:\/\/radiowebmx.com\/nota\/wp-json\/wp\/v2\/posts"}],"about":[{"href":"https:\/\/radiowebmx.com\/nota\/wp-json\/wp\/v2\/types\/post"}],"author":[{"embeddable":true,"href":"https:\/\/radiowebmx.com\/nota\/wp-json\/wp\/v2\/users\/1"}],"replies":[{"embeddable":true,"href":"https:\/\/radiowebmx.com\/nota\/wp-json\/wp\/v2\/comments?post=16166"}],"version-history":[{"count":2,"href":"https:\/\/radiowebmx.com\/nota\/wp-json\/wp\/v2\/posts\/16166\/revisions"}],"predecessor-version":[{"id":16169,"href":"https:\/\/radiowebmx.com\/nota\/wp-json\/wp\/v2\/posts\/16166\/revisions\/16169"}],"wp:featuredmedia":[{"embeddable":true,"href":"https:\/\/radiowebmx.com\/nota\/wp-json\/wp\/v2\/media\/16167"}],"wp:attachment":[{"href":"https:\/\/radiowebmx.com\/nota\/wp-json\/wp\/v2\/media?parent=16166"}],"wp:term":[{"taxonomy":"category","embeddable":true,"href":"https:\/\/radiowebmx.com\/nota\/wp-json\/wp\/v2\/categories?post=16166"},{"taxonomy":"post_tag","embeddable":true,"href":"https:\/\/radiowebmx.com\/nota\/wp-json\/wp\/v2\/tags?post=16166"}],"curies":[{"name":"wp","href":"https:\/\/api.w.org\/{rel}","templated":true}]}}