{"id":16150,"date":"2015-06-18T12:56:02","date_gmt":"2015-06-18T17:56:02","guid":{"rendered":"https:\/\/radiowebmx.com\/nota\/?p=16150"},"modified":"2015-06-18T12:56:02","modified_gmt":"2015-06-18T17:56:02","slug":"la-formacion-de-capital-humano-apuesta-del-ayuntamiento-abud","status":"publish","type":"post","link":"https:\/\/radiowebmx.com\/nota\/la-formacion-de-capital-humano-apuesta-del-ayuntamiento-abud\/","title":{"rendered":"La formaci\u00f3n de capital humano, apuesta del Ayuntamiento: Abud"},"content":{"rendered":"<p><span style=\"font-size: large;\">Salvador Abud Mirabent, presidente municipal de Morelia, asegur\u00f3 que el Ayuntamiento apostar\u00e1 hasta el \u00faltimo d\u00eda de su administraci\u00f3n a la formaci\u00f3n de capital humano, toda vez que la buena actitud, calidad y profesionalismo debe ser la cara de cualquier servidor p\u00fablico, al desempe\u00f1ar sus funciones en atenci\u00f3n a los morelianos.<\/span><\/p>\n<p><span style=\"font-size: large;\">\u00a0<\/span><\/p>\n<p><span style=\"font-size: large;\">Durante la firma de colaboraci\u00f3n\u00a0acad\u00e9mica con el Centro de Educaci\u00f3n Continua, Unidad Morelia, que depende del Instituto Polit\u00e9cnico Nacional, el alcalde dijo que la apuesta de la administraci\u00f3n se dirige tambi\u00e9n hacia una mejor inversi\u00f3n de recursos para que el personal de esta administraci\u00f3n municipal sea capacitado y ofrezca su mejor rostro a los ciudadanos.<\/span><\/p>\n<p><span style=\"font-size: large;\">\u00a0<\/span><\/p>\n<p><span style=\"font-size: large;\">Abud Mirabent refiri\u00f3 que \u00e9ste deber\u00eda ser\u00a0uno de los objetivos de cualquier administraci\u00f3n, por ello el gobierno municipal busca que cada acci\u00f3n, de cualquier servidor p\u00fablico del Ayuntamiento, plasme ese compromiso, obligaci\u00f3n y convicci\u00f3n.<\/span><\/p>\n<p><span style=\"font-size: large;\">\u00a0<\/span><\/p>\n<p><span style=\"font-size: large;\">Por ello, expres\u00f3 que pondr\u00e1 todo su empe\u00f1o y esfuerzo personal en buscar los acuerdos necesarios, pues ante todo debe prevalecer el esp\u00edritu de servicio, ya que es a los morelianos a quienes la administraci\u00f3n municipal debe servir con lealtad.<\/span><\/p>\n<p><span style=\"font-size: large;\">\u00a0<\/span><\/p>\n<p><span style=\"font-size: large;\">Reconoci\u00f3 que el convenio pactado con el IPN permitir\u00e1 capacitar\u00a0 a los servidores p\u00fablicos para que desempe\u00f1en mejor sus tareas, sobre todo porque conf\u00eda en esta instituci\u00f3n como\u00a0una academia poseedora de uno de los est\u00e1ndares m\u00e1s elevados de calidad entre todas las instituciones de su clase.<\/span><\/p>\n<p><span style=\"font-size: large;\">\u00a0<\/span><\/p>\n<p><span style=\"font-size: large;\">Por su parte, Mart\u00edn Jorge Granados Guzm\u00e1n, secretario de administraci\u00f3n del Ayuntamiento, inform\u00f3 que el convenio estar\u00e1 vigente durante este a\u00f1o y consistir\u00e1 en el acercamiento de conocimientos en el \u00e1rea de inform\u00e1tica, ya que \u00e9sta es una de las herramientas m\u00e1s valiosas en el proceso administrativo en todas las \u00e1reas del Ayuntamiento.<\/span><\/p>\n<p><span style=\"font-size: large;\">\u00a0<\/span><\/p>\n<p><span style=\"font-size: large;\">El convenio establece la impartici\u00f3n de diez cursos de actualizaci\u00f3n Windows 8 y Office 12, Excel en sus tres diferentes niveles: b\u00e1sico, intermedio y avanzado, as\u00ed como el programa de Autocad, para las \u00e1reas espec\u00edficas que lo requieren.<\/span><\/p>\n<p><span style=\"font-size: large;\">\u00a0<\/span><\/p>\n<p><span style=\"font-size: large;\">A su vez,\u00a0Jos\u00e9 V\u00edctor Vanegas Villa, director del Centro de Educaci\u00f3n Continua Unidad Morelia, reconoci\u00f3 que\u00a0el IPN designar\u00e1 a los profesores asegur\u00e1ndose que cuenten con el perfil profesional requerido para la impartici\u00f3n de cada uno de los eventos acad\u00e9micos correspondientes, as\u00ed como la entrega a los participantes del material requerido y constancias correspondientes.<\/span><\/p>\n<p><span style=\"font-size: large;\">\u00a0<\/span><\/p>\n<p><span style=\"font-size: large;\">De esta manera, en la b\u00fasqueda de extender los beneficios de la educaci\u00f3n a la sociedad moreliana, el Ayuntamiento realiz\u00f3 esta firma de convenio con \u00a0el Instituto Polit\u00e9cnico Nacional, considerado como una de las instituciones con una ense\u00f1anza de calidad y desempe\u00f1o en el \u00e1mbito social.<\/span><\/p>\n<p><span style=\"font-size: large;\">\u00a0<\/span><\/p>\n<p><span style=\"font-size: large;\">Por ello, Abud Mirabent reconoci\u00f3 que, a trav\u00e9s de esta capacitaci\u00f3n, el Gobierno municipal seguir\u00e1 cumpliendo cabalmente con su vocaci\u00f3n hacia los morelianos, que es servir con un alto grado de eficiencia, calidad y calidez a toda la sociedad.<\/span><\/p>\n","protected":false},"excerpt":{"rendered":"<p>Salvador Abud Mirabent, presidente municipal de Morelia, asegur\u00f3 que el Ayuntamiento apostar\u00e1 hasta el \u00faltimo d\u00eda de su administraci\u00f3n a la formaci\u00f3n de capital humano, toda vez que la buena actitud, calidad y profesionalismo debe ser la cara de cualquier servidor p\u00fablico,<\/p>\n","protected":false},"author":1,"featured_media":16151,"comment_status":"open","ping_status":"open","sticky":false,"template":"","format":"standard","meta":{"footnotes":""},"categories":[14,9],"tags":[],"class_list":["post-16150","post","type-post","status-publish","format-standard","has-post-thumbnail","hentry","category-destacadas","category-morelia"],"_links":{"self":[{"href":"https:\/\/radiowebmx.com\/nota\/wp-json\/wp\/v2\/posts\/16150","targetHints":{"allow":["GET"]}}],"collection":[{"href":"https:\/\/radiowebmx.com\/nota\/wp-json\/wp\/v2\/posts"}],"about":[{"href":"https:\/\/radiowebmx.com\/nota\/wp-json\/wp\/v2\/types\/post"}],"author":[{"embeddable":true,"href":"https:\/\/radiowebmx.com\/nota\/wp-json\/wp\/v2\/users\/1"}],"replies":[{"embeddable":true,"href":"https:\/\/radiowebmx.com\/nota\/wp-json\/wp\/v2\/comments?post=16150"}],"version-history":[{"count":1,"href":"https:\/\/radiowebmx.com\/nota\/wp-json\/wp\/v2\/posts\/16150\/revisions"}],"predecessor-version":[{"id":16152,"href":"https:\/\/radiowebmx.com\/nota\/wp-json\/wp\/v2\/posts\/16150\/revisions\/16152"}],"wp:featuredmedia":[{"embeddable":true,"href":"https:\/\/radiowebmx.com\/nota\/wp-json\/wp\/v2\/media\/16151"}],"wp:attachment":[{"href":"https:\/\/radiowebmx.com\/nota\/wp-json\/wp\/v2\/media?parent=16150"}],"wp:term":[{"taxonomy":"category","embeddable":true,"href":"https:\/\/radiowebmx.com\/nota\/wp-json\/wp\/v2\/categories?post=16150"},{"taxonomy":"post_tag","embeddable":true,"href":"https:\/\/radiowebmx.com\/nota\/wp-json\/wp\/v2\/tags?post=16150"}],"curies":[{"name":"wp","href":"https:\/\/api.w.org\/{rel}","templated":true}]}}