{"id":16074,"date":"2015-06-16T13:21:02","date_gmt":"2015-06-16T18:21:02","guid":{"rendered":"https:\/\/radiowebmx.com\/nota\/?p=16074"},"modified":"2015-06-16T13:21:02","modified_gmt":"2015-06-16T18:21:02","slug":"salvador-jara-encabeza-acto-por-el-reconocimiento-de-la-autonomia-nicolaita","status":"publish","type":"post","link":"https:\/\/radiowebmx.com\/nota\/salvador-jara-encabeza-acto-por-el-reconocimiento-de-la-autonomia-nicolaita\/","title":{"rendered":"SALVADOR JARA ENCABEZA ACTO POR EL RECONOCIMIENTO DE LA AUTONOM\u00cdA NICOLAITA"},"content":{"rendered":"<p>El gobernador Salvador Jara Guerrero\u00a0 firm\u00f3 como testigo de honor el documento de resguardo del Reconocimiento de Autonom\u00eda, otorgado por la UNAM a la Universidad Michoacana de San Nicol\u00e1s de Hidalgo, y con el que la casa Nicolaita cobra valor como la primer instituci\u00f3n de educaci\u00f3n superior aut\u00f3noma que tuvo M\u00e9xico y Am\u00e9rica Latina.<\/p>\n<p>Dicho documento fue resguardado en el Colegio de San Nicol\u00e1s, alma mater de la m\u00e1xima casa de estudios en Michoac\u00e1n donde se celebr\u00f3 dicha distinci\u00f3n con un acto protocolario en el que la acad\u00e9mica\u00a0 Mar\u00eda Lucia Tena Vences\u00a0 record\u00f3 que el gobernador Pascual Ortiz Rubio propuso al Congreso del Estado el proyecto para la creaci\u00f3n de la Universidad Michoacana de San Nicol\u00e1s de Hidalgo, mismo que fue aprobado el 5 de octubre de 1917 y promulgado diez d\u00edas despu\u00e9s.<\/p>\n<p>La directora de la Preparatoria \u201cIng. Pascual Ortiz Rubio\u201d, puntualiz\u00f3 que la propuesta aprobada por el Congreso represent\u00f3 un hecho sin precedentes, ya que implicaba la concreci\u00f3n de un modelo de autonom\u00eda universitaria para garantizar estabilidad interna ante circunstancias de car\u00e1cter social o pol\u00edtico que pudieran poner en riesgo su existencia.<\/p>\n<p>El m\u00e1ximo \u00f3rgano de gobierno reconocido fue el Consejo Universitario que se instal\u00f3\u00a0 por primera vez el 10 de diciembre de 1918 con los directores de cada plantel. Fue\u00a0 hasta enero de 1919 que iniciaron los cursos en la mayor\u00eda de las escuelas de la UMSNH, y el Congreso nombr\u00f3 a Jos\u00e9 Jara Peregrina como rector.<\/p>\n<p>Medardo Serna Gonz\u00e1lez, rector de la UMSNH, puntualiz\u00f3 que a diferencia de otras universidades donde la autonom\u00eda se consigui\u00f3 a fuerza de huelgas y paros, en la UMSNH se conquist\u00f3 por convicci\u00f3n incluso del poder p\u00fablico que la reconoci\u00f3 como aut\u00f3noma.<\/p>\n<p>A\u00f1adi\u00f3 que la autonom\u00eda otorga a la UMSNH libertad; sin embargo, recalc\u00f3 que \u00e9sta no se logra por decreto, sino con las decisiones y actos que se lleven a cabo con responsabilidad dentro de esa independencia universitaria.<\/p>\n<p>A la comunidad universitaria, Medardo Serna record\u00f3 que \u201cnuestra raz\u00f3n de ser no es la aspiraci\u00f3n por el poder p\u00fablico, no es el aislarnos y evitar la pluralidad y cr\u00edtica. Nuestra raz\u00f3n de ser es la docencia, la investigaci\u00f3n y la difusi\u00f3n de la cultura, asociadas siempre a la formaci\u00f3n de recursos humanos\u201d.<\/p>\n<p>Despu\u00e9s de compartir una semblanza puntual sobre los or\u00edgenes de la autonom\u00eda universitaria en la edad media, pasando por el declive de las universidades en el siglo XIX, Jos\u00e9 Luis Soberanes Fern\u00e1ndez subray\u00f3 que la creaci\u00f3n de la UMSNH marca el inicio de la recuperaci\u00f3n de la autonom\u00eda en las universidades p\u00fablicas no s\u00f3lo de M\u00e9xico, sino tambi\u00e9n de Am\u00e9rica Latina.<\/p>\n<p>Soberanes Fern\u00e1ndez, ex secretario general de la Uni\u00f3n de Universidades de Am\u00e9rica Latina, recalc\u00f3 que el gozar de autonom\u00eda implica tambi\u00e9n una responsabilidad de las Universidad P\u00fablicas y de los universitarios con la sociedad que sostiene a estas instituciones con muchos esfuerzos.<\/p>\n<p>El dos veces presidente de la Comisi\u00f3n Nacional de Derechos Humanos puntualiz\u00f3 que las universidades p\u00fablicas deben responder a la sociedad con pulcritud en el manejo de los recursos econ\u00f3micos, transparencia y rendici\u00f3n de cuentas.<\/p>\n<p>Adem\u00e1s, dijo, tenemos que sostener nuestro r\u00e9gimen interno fundados en los principios democr\u00e1ticos; \u201cen la universidad p\u00fablica tenemos que ser modelo para todo el pa\u00eds de una vida democr\u00e1tica en la que toda la comunidad universitaria se sienta participe\u201d, dijo.<\/p>\n<p>\u201cTenemos la obligaci\u00f3n de cultivar con rigor la cultura de la evaluaci\u00f3n, y no nada m\u00e1s respecto a los alumnos, sino la de los docentes, investigadores y en general de la instituci\u00f3n. Tenemos que rechazar cualquier forma de autocomplacencia si somos la universidad, si somos la conciencia cr\u00edtica de la naci\u00f3n\u201d, concluy\u00f3.<\/p>\n","protected":false},"excerpt":{"rendered":"<p>El gobernador Salvador Jara Guerrero  firm\u00f3 como testigo de honor el documento de resguardo del Reconocimiento de Autonom\u00eda, otorgado por la UNAM a la Universidad Michoacana de San Nicol\u00e1s de Hidalgo, y con el que la casa Nicolaita cobra valor como la primer instituci\u00f3n de educaci\u00f3n superior aut\u00f3noma que tuvo M\u00e9xico y Am\u00e9rica Latina.<\/p>\n","protected":false},"author":1,"featured_media":0,"comment_status":"open","ping_status":"open","sticky":false,"template":"","format":"standard","meta":{"footnotes":""},"categories":[3],"tags":[],"class_list":["post-16074","post","type-post","status-publish","format-standard","hentry","category-gobierno-del-estado-de-michoacan"],"_links":{"self":[{"href":"https:\/\/radiowebmx.com\/nota\/wp-json\/wp\/v2\/posts\/16074","targetHints":{"allow":["GET"]}}],"collection":[{"href":"https:\/\/radiowebmx.com\/nota\/wp-json\/wp\/v2\/posts"}],"about":[{"href":"https:\/\/radiowebmx.com\/nota\/wp-json\/wp\/v2\/types\/post"}],"author":[{"embeddable":true,"href":"https:\/\/radiowebmx.com\/nota\/wp-json\/wp\/v2\/users\/1"}],"replies":[{"embeddable":true,"href":"https:\/\/radiowebmx.com\/nota\/wp-json\/wp\/v2\/comments?post=16074"}],"version-history":[{"count":1,"href":"https:\/\/radiowebmx.com\/nota\/wp-json\/wp\/v2\/posts\/16074\/revisions"}],"predecessor-version":[{"id":16075,"href":"https:\/\/radiowebmx.com\/nota\/wp-json\/wp\/v2\/posts\/16074\/revisions\/16075"}],"wp:attachment":[{"href":"https:\/\/radiowebmx.com\/nota\/wp-json\/wp\/v2\/media?parent=16074"}],"wp:term":[{"taxonomy":"category","embeddable":true,"href":"https:\/\/radiowebmx.com\/nota\/wp-json\/wp\/v2\/categories?post=16074"},{"taxonomy":"post_tag","embeddable":true,"href":"https:\/\/radiowebmx.com\/nota\/wp-json\/wp\/v2\/tags?post=16074"}],"curies":[{"name":"wp","href":"https:\/\/api.w.org\/{rel}","templated":true}]}}