{"id":16072,"date":"2015-06-16T13:18:57","date_gmt":"2015-06-16T18:18:57","guid":{"rendered":"https:\/\/radiowebmx.com\/nota\/?p=16072"},"modified":"2015-06-16T13:18:57","modified_gmt":"2015-06-16T18:18:57","slug":"anuncian-foro-mil-jovenes-por-michoacan-contra-la-violencia","status":"publish","type":"post","link":"https:\/\/radiowebmx.com\/nota\/anuncian-foro-mil-jovenes-por-michoacan-contra-la-violencia\/","title":{"rendered":"ANUNCIAN FORO MIL J\u00d3VENES POR MICHOAC\u00c1N CONTRA LA VIOLENCIA"},"content":{"rendered":"<p>Actualmente en Michoac\u00e1n, los j\u00f3venes ocupan poco m\u00e1s del 30 por ciento de la poblaci\u00f3n, siendo un sector ampliamente vulnerable al consumo de drogas, embarazos no deseados, depresi\u00f3n, enfermedades de transmisi\u00f3n sexual y dem\u00e1s factores que perjudican directamente su calidad de vida y exponen considerablemente su salud.<\/p>\n<p>Ante esto, la Secretar\u00eda de los J\u00f3venes implementa a\u00f1o con a\u00f1o el progama \u201cFestivales Juveniles de Salud\u201d, con la finalidad de prevenir a trav\u00e9s de la capacitaci\u00f3n y orientaci\u00f3n a la poblaci\u00f3n juvenil michoacana en estos temas que se encuentran vigentes esencialmente entre j\u00f3venes de 15 a 29 a\u00f1os.<\/p>\n<p>En conferencia de prensa, Ana Brasilia Espino Sandoval, secretaria de los J\u00f3venes, se\u00f1al\u00f3 que para el gobernador Salvador Jara Guerrero, este sector es una prioridad, por ello, en una vertiente de este programa, con el enfoque especifico de dar atenci\u00f3n a la prevenci\u00f3n y erradicaci\u00f3n de la violencia juvenil, el pr\u00f3ximo 17 de junio de 9:00 a 14:00 horas, se realizar\u00e1 en Morelia el foro \u201c1000 J\u00f3venes por Michoac\u00e1n contra la violencia\u201d, donde se impartir\u00e1n conferencias y ser\u00e1n instaladas mesas de trabajo para abordar los principales tipos de violencia que m\u00e1s afectan a este sector, como son la familiar, econ\u00f3mica, psicol\u00f3gica, escolar y de g\u00e9nero.<\/p>\n<p>\u201cHemos tenido un avance considerable a nivel estatal en el tema de la erradicaci\u00f3n de la violencia y la Sejoven se suma este esfuerzo que debe ser continuo y permanente, para seguir trabajando en la recuperaci\u00f3n del tejido social\u201d, afirm\u00f3 Espino Sandoval.<\/p>\n<p>Tambi\u00e9n detall\u00f3 que la invitaci\u00f3n est\u00e1 abierta para todos aquellos j\u00f3venes de los 113 municipios de Michoac\u00e1n que quieran participar en el foro, mismo que se llevar\u00e1 a cabo el pr\u00f3ximo mi\u00e9rcoles 17 de junio en punto de las 9:00 horas (hora de\u00a0 registro), en el sal\u00f3n Independencia, de Casa de Gobierno.<\/p>\n<p>Por su parte, Marcela Mu\u00f1oz Mart\u00ednez, coordinadora de Salud y Desarrollo Social de la Sejoven, dijo que este encuentro es para generar conciencia sobre los tipos de violencia que hay \u201cy que sepan que pueden deshacerse de ella\u201d.<\/p>\n<p>\u201cEn el caso de la violencia sexual, muchas chicas nos dicen que es parte normal de la relaci\u00f3n de pareja, que as\u00ed lo han vivido y que as\u00ed lo piensan seguir desarrollando; incluso\u00a0 tenemos chicas a nivel licenciatura que siguen opinando lo mismo; es importante que sepan que no tienen por qu\u00e9 vivir violencia y mucho menos permitirla, pueden dejarla y encontrar en nosotros terapia psicol\u00f3gica gratuita\u201d, concluy\u00f3.<\/p>\n","protected":false},"excerpt":{"rendered":"<p>Actualmente en Michoac\u00e1n, los j\u00f3venes ocupan poco m\u00e1s del 30 por ciento de la poblaci\u00f3n, siendo un sector ampliamente vulnerable al consumo de drogas, embarazos no deseados, depresi\u00f3n, enfermedades de transmisi\u00f3n sexual y dem\u00e1s factores que perjudican directamente su calidad de vida y exponen considerablemente su salud.<\/p>\n","protected":false},"author":1,"featured_media":0,"comment_status":"open","ping_status":"open","sticky":false,"template":"","format":"standard","meta":{"footnotes":""},"categories":[3],"tags":[],"class_list":["post-16072","post","type-post","status-publish","format-standard","hentry","category-gobierno-del-estado-de-michoacan"],"_links":{"self":[{"href":"https:\/\/radiowebmx.com\/nota\/wp-json\/wp\/v2\/posts\/16072","targetHints":{"allow":["GET"]}}],"collection":[{"href":"https:\/\/radiowebmx.com\/nota\/wp-json\/wp\/v2\/posts"}],"about":[{"href":"https:\/\/radiowebmx.com\/nota\/wp-json\/wp\/v2\/types\/post"}],"author":[{"embeddable":true,"href":"https:\/\/radiowebmx.com\/nota\/wp-json\/wp\/v2\/users\/1"}],"replies":[{"embeddable":true,"href":"https:\/\/radiowebmx.com\/nota\/wp-json\/wp\/v2\/comments?post=16072"}],"version-history":[{"count":1,"href":"https:\/\/radiowebmx.com\/nota\/wp-json\/wp\/v2\/posts\/16072\/revisions"}],"predecessor-version":[{"id":16073,"href":"https:\/\/radiowebmx.com\/nota\/wp-json\/wp\/v2\/posts\/16072\/revisions\/16073"}],"wp:attachment":[{"href":"https:\/\/radiowebmx.com\/nota\/wp-json\/wp\/v2\/media?parent=16072"}],"wp:term":[{"taxonomy":"category","embeddable":true,"href":"https:\/\/radiowebmx.com\/nota\/wp-json\/wp\/v2\/categories?post=16072"},{"taxonomy":"post_tag","embeddable":true,"href":"https:\/\/radiowebmx.com\/nota\/wp-json\/wp\/v2\/tags?post=16072"}],"curies":[{"name":"wp","href":"https:\/\/api.w.org\/{rel}","templated":true}]}}