{"id":16063,"date":"2015-06-16T13:04:29","date_gmt":"2015-06-16T18:04:29","guid":{"rendered":"https:\/\/radiowebmx.com\/nota\/?p=16063"},"modified":"2015-06-16T13:04:29","modified_gmt":"2015-06-16T18:04:29","slug":"develan-en-letras-de-oro-el-nombre-de-la-fuerza-aerea-mexicana-en-el-congreso-del-estado%e2%80%8f","status":"publish","type":"post","link":"https:\/\/radiowebmx.com\/nota\/develan-en-letras-de-oro-el-nombre-de-la-fuerza-aerea-mexicana-en-el-congreso-del-estado%e2%80%8f\/","title":{"rendered":"DEVELAN EN LETRAS DE ORO EL NOMBRE DE LA FUERZA AEREA MEXICANA EN EL CONGRESO DEL ESTADO\u200f"},"content":{"rendered":"<p><span style=\"font-size: medium;\"><span style=\"color: #000000;\">Por ser baluarte de la estabilidad social y pol\u00edtica de M\u00e9xico, el estado michoacano coloc\u00f3 en letras de oro el nombre de la Fuerza A\u00e9rea Mexicana en el recinto oficial del Palacio Legislativo de Michoac\u00e1n, evento al cual, asisti\u00f3 el presidente municipal de Morelia, Salvador Abud Mirabent.<\/span><\/span><\/p>\n<p><span style=\"color: #000000; font-size: medium;\">\u00a0<\/span><\/p>\n<p><span style=\"font-size: medium;\"><span style=\"color: #000000;\">En el marco del centenario del Ejercito Mexicano, el\u00a0\u00a0poder legislativo, el gobernador del estado, Salvador Jara Guerrero y el presidente del Supremo Tribunal de Justicia del Estado, Juan Antonio Maga\u00f1a de la Mora,\u00a0\u00a0en sesi\u00f3n solemne devel\u00f3 el nombre de esta Instituci\u00f3n de apoyo y protecci\u00f3n del estado mexicano en el muro de honor, espacio en el que adem\u00e1s se encuentran nombres de los personajes y h\u00e9roes que lucharon a favor de la patria<\/span><\/span><\/p>\n<p><span style=\"color: #000000; font-size: medium;\">\u00a0<\/span><\/p>\n<p><span style=\"font-size: medium;\"><span style=\"color: #000000;\">Tras recibir este homenaje, Carlos Antonio Rodr\u00edguez Mej\u00eda, comandante de la Fuerza \u00c1rea Mexicana, refrend\u00f3 el compromiso de cada uno de los elementos de esta corporaci\u00f3n en el cuidado y protecci\u00f3n a los ciudadanos mexicanos y a la naci\u00f3n y mantener la vigilancia permanente en el espacio nacional con valores de honestidad y responsabilidad.<\/span><\/span><\/p>\n","protected":false},"excerpt":{"rendered":"<p>Por ser baluarte de la estabilidad social y pol\u00edtica de M\u00e9xico, el estado michoacano coloc\u00f3 en letras de oro el nombre de la Fuerza A\u00e9rea Mexicana en el recinto oficial del Palacio Legislativo de Michoac\u00e1n, evento al cual, asisti\u00f3 el presidente municipal de Morelia, Salvador Abud Mirabent.<\/p>\n","protected":false},"author":1,"featured_media":16064,"comment_status":"open","ping_status":"open","sticky":false,"template":"","format":"standard","meta":{"footnotes":""},"categories":[14,9],"tags":[],"class_list":["post-16063","post","type-post","status-publish","format-standard","has-post-thumbnail","hentry","category-destacadas","category-morelia"],"_links":{"self":[{"href":"https:\/\/radiowebmx.com\/nota\/wp-json\/wp\/v2\/posts\/16063","targetHints":{"allow":["GET"]}}],"collection":[{"href":"https:\/\/radiowebmx.com\/nota\/wp-json\/wp\/v2\/posts"}],"about":[{"href":"https:\/\/radiowebmx.com\/nota\/wp-json\/wp\/v2\/types\/post"}],"author":[{"embeddable":true,"href":"https:\/\/radiowebmx.com\/nota\/wp-json\/wp\/v2\/users\/1"}],"replies":[{"embeddable":true,"href":"https:\/\/radiowebmx.com\/nota\/wp-json\/wp\/v2\/comments?post=16063"}],"version-history":[{"count":2,"href":"https:\/\/radiowebmx.com\/nota\/wp-json\/wp\/v2\/posts\/16063\/revisions"}],"predecessor-version":[{"id":16066,"href":"https:\/\/radiowebmx.com\/nota\/wp-json\/wp\/v2\/posts\/16063\/revisions\/16066"}],"wp:featuredmedia":[{"embeddable":true,"href":"https:\/\/radiowebmx.com\/nota\/wp-json\/wp\/v2\/media\/16064"}],"wp:attachment":[{"href":"https:\/\/radiowebmx.com\/nota\/wp-json\/wp\/v2\/media?parent=16063"}],"wp:term":[{"taxonomy":"category","embeddable":true,"href":"https:\/\/radiowebmx.com\/nota\/wp-json\/wp\/v2\/categories?post=16063"},{"taxonomy":"post_tag","embeddable":true,"href":"https:\/\/radiowebmx.com\/nota\/wp-json\/wp\/v2\/tags?post=16063"}],"curies":[{"name":"wp","href":"https:\/\/api.w.org\/{rel}","templated":true}]}}