{"id":16057,"date":"2015-06-16T12:59:40","date_gmt":"2015-06-16T17:59:40","guid":{"rendered":"https:\/\/radiowebmx.com\/nota\/?p=16057"},"modified":"2015-06-16T12:59:51","modified_gmt":"2015-06-16T17:59:51","slug":"boletin-0590-preside-abud-mirabent-resguardo-de-autonomia-de-la-umsnh%e2%80%8f","status":"publish","type":"post","link":"https:\/\/radiowebmx.com\/nota\/boletin-0590-preside-abud-mirabent-resguardo-de-autonomia-de-la-umsnh%e2%80%8f\/","title":{"rendered":"BOLETIN 0590 PRESIDE ABUD MIRABENT RESGUARDO DE AUTONOMIA DE LA UMSNH\u200f"},"content":{"rendered":"<p><span style=\"font-size: medium;\"><span style=\"color: #000000;\">El presidente municipal de Morelia, Salvador Abud Mirabent, asisti\u00f3\u00a0\u00a0a la ceremonia en la que la Universidad\u00a0\u00a0Nacional Aut\u00f3noma de M\u00e9xico (UNAM) hizo un reconocimiento a la Universidad Michoacana de San Nicol\u00e1s de Hidalgo (UMSNH), por ser la primera m\u00e1xima casa de estudios mexicana en ser aut\u00f3noma no s\u00f3lo a nivel nacional sino en Am\u00e9rica Latina.<\/span><\/span><\/p>\n<p><span style=\"color: #000000; font-size: medium;\">\u00a0<\/span><\/p>\n<p><span style=\"font-size: medium;\"><span style=\"color: #000000;\">Conjuntamente con el gobernador del estado, Salvador Jara Guerrero, el rector de la Universidad Michoacana y representantes del poder legislativo y judicial, el alcalde capitalino fue testigo de honor del resguardo de este documento dentro del edificio que alberga el Colegio de San Nicol\u00e1s de Hidalgo.<\/span><\/span><\/p>\n<p><span style=\"color: #000000; font-size: medium;\">\u00a0<\/span><\/p>\n<p><span style=\"font-size: medium;\"><span style=\"color: #000000;\">El discurso oficial de la ceremonia corri\u00f3 a cargo de Jos\u00e9 Luis Soberanes Fern\u00e1ndez, representante del Instituto de Investigaciones Jur\u00eddicas de la UNAM, quien a nombre de esta instituci\u00f3n nacional, refrend\u00f3 el compromiso y apoyo con la Universidad Michoacana.<\/span><\/span><\/p>\n<p><span style=\"color: #000000; font-size: medium;\">\u00a0<\/span><\/p>\n<p><span style=\"font-size: medium;\"><span style=\"color: #000000;\">Por su parte el rector Medardo Serna Gonz\u00e1lez se congratul\u00f3 porque Michoac\u00e1n es reconocido a nivel nacional e internacional por ser pionero y actor de la historia mexicana resaltando que la entidad es pionera en la creaci\u00f3n de la primera Junta de Gobierno, del Primer Supremo Tribunal de Justicia del Estado y de contar con la primera universidad aut\u00f3noma en am\u00e9rica latina.<\/span><\/span><\/p>\n<p><span style=\"color: #000000; font-size: medium;\">\u00a0<\/span><\/p>\n<p><span style=\"font-size: medium;\"><span style=\"color: #000000;\">Ante ello, resalt\u00f3 el compromiso que la m\u00e1xima casa de estudios tiene con la sociedad,\u00a0\u00a0privilegiando el respeto, solidaridad y fortalecer la vida democr\u00e1tica.<\/span><\/span><\/p>\n","protected":false},"excerpt":{"rendered":"<p>El presidente municipal de Morelia, Salvador Abud Mirabent, asisti\u00f3  a la ceremonia en la que la Universidad  Nacional Aut\u00f3noma de M\u00e9xico (UNAM) hizo un reconocimiento a la Universidad Michoacana de San Nicol\u00e1s de Hidalgo (UMSNH), <\/p>\n","protected":false},"author":1,"featured_media":16058,"comment_status":"open","ping_status":"open","sticky":false,"template":"","format":"standard","meta":{"footnotes":""},"categories":[14,9],"tags":[],"class_list":["post-16057","post","type-post","status-publish","format-standard","has-post-thumbnail","hentry","category-destacadas","category-morelia"],"_links":{"self":[{"href":"https:\/\/radiowebmx.com\/nota\/wp-json\/wp\/v2\/posts\/16057","targetHints":{"allow":["GET"]}}],"collection":[{"href":"https:\/\/radiowebmx.com\/nota\/wp-json\/wp\/v2\/posts"}],"about":[{"href":"https:\/\/radiowebmx.com\/nota\/wp-json\/wp\/v2\/types\/post"}],"author":[{"embeddable":true,"href":"https:\/\/radiowebmx.com\/nota\/wp-json\/wp\/v2\/users\/1"}],"replies":[{"embeddable":true,"href":"https:\/\/radiowebmx.com\/nota\/wp-json\/wp\/v2\/comments?post=16057"}],"version-history":[{"count":3,"href":"https:\/\/radiowebmx.com\/nota\/wp-json\/wp\/v2\/posts\/16057\/revisions"}],"predecessor-version":[{"id":16061,"href":"https:\/\/radiowebmx.com\/nota\/wp-json\/wp\/v2\/posts\/16057\/revisions\/16061"}],"wp:featuredmedia":[{"embeddable":true,"href":"https:\/\/radiowebmx.com\/nota\/wp-json\/wp\/v2\/media\/16058"}],"wp:attachment":[{"href":"https:\/\/radiowebmx.com\/nota\/wp-json\/wp\/v2\/media?parent=16057"}],"wp:term":[{"taxonomy":"category","embeddable":true,"href":"https:\/\/radiowebmx.com\/nota\/wp-json\/wp\/v2\/categories?post=16057"},{"taxonomy":"post_tag","embeddable":true,"href":"https:\/\/radiowebmx.com\/nota\/wp-json\/wp\/v2\/tags?post=16057"}],"curies":[{"name":"wp","href":"https:\/\/api.w.org\/{rel}","templated":true}]}}