{"id":16050,"date":"2015-06-16T12:39:12","date_gmt":"2015-06-16T17:39:12","guid":{"rendered":"https:\/\/radiowebmx.com\/nota\/?p=16050"},"modified":"2015-06-16T12:39:12","modified_gmt":"2015-06-16T17:39:12","slug":"temas-de-cafe-323","status":"publish","type":"post","link":"https:\/\/radiowebmx.com\/nota\/temas-de-cafe-323\/","title":{"rendered":"TEMAS DE CAF\u00c9"},"content":{"rendered":"<p>+ AJUSTES EN PLURINOMINALES<\/p>\n<p>+ EL PRI Y EL PAN, NOVEDADES<\/p>\n<p>+ MADERO Y MARKO, FRACASARON<\/p>\n<p>+ TRUJILLO Y MIGUEL ANGEL FUERA<\/p>\n<p>Por cuestiones de tiempo tenemos que enviar la columna temprano, por lo cual ayer comentamos la primera lista, que proporcion\u00f3 el IEM, sobre las diputaciones plurinominales y obviamente hubo errores, que desde luego adjudicamos al IEM, porque en la primera lista\u00a0 no deslind\u00f3 las diputaciones del Verde, las incluy\u00f3 con las del PRI, posteriormente hizo algunos ajustes y la lista se modific\u00f3 no mucho, pero si lo necesario, de esta manera\u00a0 el PRI qued\u00f3 con ocho\u00a0 diputaciones de mayor\u00eda y cinco plurinominales, total 13, igual que el PRD con trece, as\u00ed el Verde qued\u00f3 con cinco, cuatro de mayor\u00eda y una plurinominal, y el PAN\u00a0 con seis, dos de mayor\u00eda y cuatro plurinominales, \u00a0el MC, una igual que Morena y el PT con un total de 40 diputados, 24 de mayor\u00eda y 16 plurinominales.<\/p>\n<p>ASI EL VERDE FORMARA SU PROPIO GRUPO<\/p>\n<p>Le comentamos que de acuerdo a los resultados, el Verde tendr\u00eda cinco diputados\u00a0 en el Congreso michoacano, por lo cual estar\u00eda en posibilidades de crear su propia bancada, la cual seguramente estar\u00e1 encabezada por Ernesto N\u00fa\u00f1ez, por varias cosas primero porque jer\u00e1rquicamente tiene m\u00e1s valor que el dirigente estatal, Jonathan Sanata, quien logr\u00f3 su diputaci\u00f3n por la v\u00eda plurinominal, mientras que Ernesto y tiene su diputaci\u00f3n de mayor\u00eda, aunque este concepto ya no se toma en cuenta, creemos que en este caso ser\u00e1 Ernesto quien dirija la bancada Verde en el Congreso.<\/p>\n<p>EL PAN SU BANCADA VILLEGAS O QUINTANA<\/p>\n<p>En cuanto al PAN creemos que hay dos personas que pueden encargarse, de la coordinaci\u00f3n de la bancada, uno es Miguel Angel Villegas, quien logr\u00f3 su\u00a0 diputaci\u00f3n de mayor\u00eda, o bien Carlos Quintana por la jerarqu\u00eda, ya fue diputado local y secretario general del comit\u00e9 estatal,\u00a0 o\u00a0 Mar\u00eda Macarena Flores que tambi\u00e9n repite, aunque en este caso quien hace la designaci\u00f3n del coordinador de la bancada azul, es el jefe pol\u00edtico y la verdad no estamos seguros, que Miguel Angel Ch\u00e1vez siga siendo el dirigente estatal del PAN,\u00a0 para cuando se integre el nuevo congreso del estado.<\/p>\n<p>EN EL PRI SEGURAMENTE SERA WILFRIDO LAZARO<\/p>\n<p>La bancada del PRI en el Congreso seguramente, estar\u00e1 coordinado por Wilfrido L\u00e1zaro Medina, porque no hay entre los ganadores de mayor\u00eda, alguien con mayor trayectoria que el ex presidente municipal de Morelia, quien adem\u00e1s ya fue diputado local, y ahora regresa al Congreso adem\u00e1s recordar\u00e1 fue el coordinador de la campa\u00f1a, de Chon Orihuela aunque claro si Chon Orihuela interviene en la decisi\u00f3n, tal vez se la entregue a Mario Armando Mendoza, quien es el personaje consentido de Chon en el Congreso local, y claro sobre todo si para cuando se integre el Congreso se mantiene Agust\u00edn Trujillo en la dirigencia del PRI estatal, lo cual dudamos.<\/p>\n<p>PARTIDO QUE PIERDE SE REESTRUCTURA<\/p>\n<p>Hasta ahora se comenta tanto a nivel estatal, como nacional la\u00a0 renovaci\u00f3n de la dirigencia del PAN,\u00a0 all\u00e1 en M\u00e9xico Gustavo Madero tendr\u00e1 que dejar la dirigencia nacional, porque se va al Congreso, despu\u00e9s de fracasar como dirigente, ya que el PAN tuvo una estrepitosa derrota a nivel nacional, all\u00e1 se manejan a dos personajes, uno es Margarita Zavala esposa del\u00a0 expresidente de M\u00e9xico Felipe Calder\u00f3n, y a Ricardo Anaya quien es gente de Madero y Marko Cort\u00e9s.<\/p>\n<p>Aqu\u00ed en Michoac\u00e1n Miguel Angel Ch\u00e1vez, tambi\u00e9n se tiene que ir y estamos seguros que en esta ocasi\u00f3n, habr\u00e1 un fuerte choque entre los panistas, bueno entre los que quedan, porque usted sabe que en este proceso electoral pasado, el PAN sufri\u00f3\u00a0 grandes bajas,\u00a0 cuadros con\u00a0 peso pol\u00edtico\u00a0 se fueron unos con Silvano, y otros con Chon y dejaron sola a Luisa Mar\u00eda, pero ahora en la recomposici\u00f3n del PAN Michoacano, los panistas que simpatizan con Luisa Mar\u00eda y Felipe, seguramente\u00a0 ahora si dar\u00e1n la pelea para hacerse de la dirigencia estatal.<\/p>\n<p>MARKO CORTES Y SALVADOR VEGA CASILLAS<\/p>\n<p>Hoy la dirigencia estatal del PAN en Michoac\u00e1n, se encuentra en manos de Marko Cort\u00e9s y de Salvador Vega Casillas, quienes\u00a0 en el pasado proceso le ganaron a Luisa Mar\u00eda y sus aliados, recuerde que contendieron Antonio Plaza y Everardo Rojas, y ganaron Miguel Angel Ch\u00e1vez y Carlos Quintana, pero ahora si Margarita Zavala quiere tener un apoyo importante,\u00a0 los Calder\u00f3n deben ganar la dirigencia estatal en Michoac\u00e1n, lo cual no estar\u00e1 f\u00e1cil porque se volver\u00e1 a dar, un\u00a0 enfrentamiento entre Marko, Salvador y Luisa pero ahora apoyada directamente por Felipe.<\/p>\n<p>EN EL PRI DEBE SALIR AGUSTIN TRUJILLO<\/p>\n<p>En realidad\u00a0 el PRI\u00a0 fue cavando su tumba pol\u00edtica, desde hace tiempo cuando empezaron los\u00a0 relevos, en la dirigencia estatal desde de la salida de Oswaldo Fern\u00e1ndez, todo se convirti\u00f3 en caos, llegaron dirigentes que no respondieron a las circunstancias, as\u00ed en los tiempos de selecci\u00f3n de candidatos hubo\u00a0 malos manejos, hasta llegar a Agust\u00edn\u00a0 que ya no pudo arreglar las cosas, y tuvo que mantener muchas candidaturas, y despu\u00e9s meti\u00f3 las manos en otras total, que el resultado fue el que usted conoce, la derrota del PRI por lo cual se espera, que ahora el PRI entre en un periodo de reestructuraci\u00f3n, lleguen realmente quienes saben hacer las cosas, con j\u00f3venes maduros porque\u00a0 la improvisaci\u00f3n, le sali\u00f3 muy cara al PRI.<\/p>\n<p>\u00bfQUIEN REESTRUCTURARA AL PRI MICHOACANO?<\/p>\n<p>Obviamente que los perdedores no, hay una ley no escrita que se\u00f1ala que quienes pierden se tienen que ir, y permitir que gente comprometida se haga cargo del partido, de esta manera desde hace d\u00edas se manejan nombres para hacer este trabajo, encabeza la lista, V\u00edctor\u00a0 Silva Tejeda a quien una buena cantidad de priistas ven bien, ya le hemos comentado que aseguran que con \u00e9l como candidato, otra\u00a0 cosa hubiera pasado, pero eso ya no tiene raz\u00f3n de ser, la cuesti\u00f3n es que el PRI debe mantenerse bien, para los procesos que vienen.<\/p>\n<p>LOS INDEPENDIENTES, NO SON GARANTIA DE BUEN GOBIERNO<\/p>\n<p>Es bueno que personas como Alfonso Mart\u00ednez, candidato independiente haya ganado la presidencia municipal de Morelia, porque cataliz\u00f3 el rechazo de la gente contra los excesos de los partidos pol\u00edticos, pero debemos entender que los candidatos independientes, no son garant\u00eda de buenos gobiernos es m\u00e1s hay ejemplos, que apoyan este razonamiento recordemos a Fujimori en Per\u00fa, donde realiz\u00f3 un mal gobierno, o Ricardo Collor de Mello en Brasil, su candidatura sacudi\u00f3 a Brasil pero termin\u00f3 muy mal, Ricardo era el s\u00edmil con Emilio Azc\u00e1rraga Jean, el todo poderoso de Televisa.<\/p>\n<p>Por ello la labor que le corresponde a Alfonso Mart\u00ednez, no es f\u00e1cil porque cre\u00f3 muchas expectativas en la campa\u00f1a,\u00a0 obviamente para ganar tuvo que recibir muchos apoyos, con los cuales debe cumplir en parte y su principal problema, ser\u00e1 encontrar gente con capacidad y experiencia administrativa, y de esa no hay mucho en la sociedad civil, por eso creemos que no solamente Alfonso, sino el Jaime Rodr\u00edguez en Nuevo Le\u00f3n,\u00a0 deben encontrar administradores brillantes, porque de otra manera corren el riesgo de fracasar, y en ese caso los partidos pol\u00edticos ganar\u00edan la partida a la sociedad civil.<\/p>\n<p>GUSTAVO MADERO DEBE IRSE DE LA DIRIGENCIA DEL PAN<\/p>\n<p>Es seguro que Gustavo Madero es un c\u00ednico redomado, porque de ser congruente con la historia del PAN,\u00a0 deber\u00eda haber presentado su renuncia a la dirigencia nacional del PAN, porque perdi\u00f3 diputaciones federales,\u00a0 gobiernos estatales y presencia al\u00a0 interior del PAN, porque recordamos que al michoacano Germ\u00e1n Mart\u00ednez, en las elecciones del 2009\u00a0 logr\u00f3 142 diputaciones federales, y lo obligaron a irse de la dirigencia, y ahora Madero y Marko ganaron 116 diputaciones y perdieron\u00a0 siete puntos porcentuales, por lo cual si de verdad tuvieran verg\u00fcenza estos dos personajes, y a estar\u00edan fuera de la dirigencia.<\/p>\n<p>Puede alegar Madero y Marko que ganaron dos gobiernos de los estados, Baja California y Quer\u00e9taro, debemos recordar esos personajes son abiertamente Calderonistas, Felipe Calder\u00f3n estuvo en sus campa\u00f1as apoyando lo necesario, por lo cual creemos que es necesario que tanto Miguel Angel Ch\u00e1vez en Michoac\u00e1n, como Gustavo Madero deben irse y permitir que el PAN\u00a0 inicie su reestructuraci\u00f3n, porque el tiempo pasa pronto.<\/p>\n<p>Hasta ahora a nivel nacional hay dos precandidatos,\u00a0 Ricardo Anaya es la continuaci\u00f3n del proyecto de Madero, que es dirigir la bancada azul, y posteriormente ir por la candidatura a la presidencia de la rep\u00fablica,\u00a0 por el otro lado se encuentra Margarita Zavala, quien al margen de Felipe tiene luz propia dentro del PAN, quien busca la dirigencia nacional del PAN, con el mismo proyecto que Madero,\u00a0 ir por la candidatura a la presidencia de la rep\u00fablica para el 2018.<\/p>\n","protected":false},"excerpt":{"rendered":"<p>+ AJUSTES EN PLURINOMINALES<br \/>\n+ EL PRI Y EL PAN, NOVEDADES<br \/>\n+ MADERO Y MARKO, FRACASARON<br \/>\n+ TRUJILLO Y MIGUEL ANGEL FUERA <\/p>\n","protected":false},"author":1,"featured_media":0,"comment_status":"open","ping_status":"open","sticky":false,"template":"","format":"standard","meta":{"footnotes":""},"categories":[14,9],"tags":[],"class_list":["post-16050","post","type-post","status-publish","format-standard","hentry","category-destacadas","category-morelia"],"_links":{"self":[{"href":"https:\/\/radiowebmx.com\/nota\/wp-json\/wp\/v2\/posts\/16050","targetHints":{"allow":["GET"]}}],"collection":[{"href":"https:\/\/radiowebmx.com\/nota\/wp-json\/wp\/v2\/posts"}],"about":[{"href":"https:\/\/radiowebmx.com\/nota\/wp-json\/wp\/v2\/types\/post"}],"author":[{"embeddable":true,"href":"https:\/\/radiowebmx.com\/nota\/wp-json\/wp\/v2\/users\/1"}],"replies":[{"embeddable":true,"href":"https:\/\/radiowebmx.com\/nota\/wp-json\/wp\/v2\/comments?post=16050"}],"version-history":[{"count":1,"href":"https:\/\/radiowebmx.com\/nota\/wp-json\/wp\/v2\/posts\/16050\/revisions"}],"predecessor-version":[{"id":16051,"href":"https:\/\/radiowebmx.com\/nota\/wp-json\/wp\/v2\/posts\/16050\/revisions\/16051"}],"wp:attachment":[{"href":"https:\/\/radiowebmx.com\/nota\/wp-json\/wp\/v2\/media?parent=16050"}],"wp:term":[{"taxonomy":"category","embeddable":true,"href":"https:\/\/radiowebmx.com\/nota\/wp-json\/wp\/v2\/categories?post=16050"},{"taxonomy":"post_tag","embeddable":true,"href":"https:\/\/radiowebmx.com\/nota\/wp-json\/wp\/v2\/tags?post=16050"}],"curies":[{"name":"wp","href":"https:\/\/api.w.org\/{rel}","templated":true}]}}