{"id":16047,"date":"2015-06-15T11:28:58","date_gmt":"2015-06-15T16:28:58","guid":{"rendered":"https:\/\/radiowebmx.com\/nota\/?p=16047"},"modified":"2015-06-15T11:28:58","modified_gmt":"2015-06-15T16:28:58","slug":"felicita-gobierno-del-estado-a-las-autoridades-electas","status":"publish","type":"post","link":"https:\/\/radiowebmx.com\/nota\/felicita-gobierno-del-estado-a-las-autoridades-electas\/","title":{"rendered":"FELICITA GOBIERNO DEL ESTADO A LAS AUTORIDADES ELECTAS"},"content":{"rendered":"<p>Al haber concluido la calificaci\u00f3n de los comicios por parte del Instituto Electoral de Michoac\u00e1n (IEM), el Gobierno del Estado felicita a las autoridades electas que han recibido su Constancia de Mayor\u00eda, ya que al haber sido favorecidos con la mayor\u00eda de votos son depositarios de la confianza de la sociedad, y hace votos porque honren esa deferencia popular con un ejercicio de la funci\u00f3n p\u00fablica honesto y comprometido con las nobles causas de la justicia y el bien com\u00fan.<\/p>\n<p>La jornada electoral del pasado 7 de junio y sus resultados deben verse como una muestra de que los michoacanos pueden construir grandes acuerdos dentro de los cauces institucionales y legales. Nuestras facultades democr\u00e1ticas no se agotan en las urnas, por lo que el Poder Ejecutivo\u00a0 en Michoac\u00e1n convoca a los ciudadanos a no dejar solas a las nuevas autoridades de los poderes p\u00fablicos, sino acompa\u00f1arlas en el ejercicio de gobierno con actitud propositiva y una valoraci\u00f3n objetiva de las acciones gubernamentales.<\/p>\n<p>Con la entrega de constancias de mayor\u00eda se consuma otro objetivo del gobernador Salvador Jara Guerrero: generar las condiciones para que el gobernador, alcalde y diputados locales asuman el cargo con la legitimidad que les confiere el haber sido electos en un proceso electoral que se desarroll\u00f3 en paz, y con apego a derecho.<\/p>\n<p>La administraci\u00f3n estatal reitera su agradecimiento al trabajo que en materia de seguridad realiz\u00f3 el Grupo de Coordinaci\u00f3n Michoac\u00e1n y reconoce\u00a0 que tanto los actores pol\u00edticos como la ciudadan\u00eda en general se comportaron a la altura de las circunstancias durante la contienda electoral; esos rasgos de madurez pol\u00edtica deben preservarse en las nuevas relaciones de gobernabilidad.<\/p>\n<p>Las circunstancias actuales en Michoac\u00e1n, que avanza firme en la ruta de su recuperaci\u00f3n integral, exigen que demos lo mejor de nosotros; ser humildes en la victoria: gobernar sin tintes partidistas, reconocer lo que se ha hecho bien, y lo que merece tener continuidad. Y ser grandes en la derrota: abrirse a los consensos y construir desde la oposici\u00f3n alternativas para el bienestar de los michoacanos.<\/p>\n","protected":false},"excerpt":{"rendered":"<p>Al haber concluido la calificaci\u00f3n de los comicios por parte del Instituto Electoral de Michoac\u00e1n (IEM), el Gobierno del Estado felicita a las autoridades electas que han recibido su Constancia de Mayor\u00eda, ya que al haber sido favorecidos con la mayor\u00eda de votos son depositarios de la confianza de la sociedad,<\/p>\n","protected":false},"author":1,"featured_media":0,"comment_status":"open","ping_status":"open","sticky":false,"template":"","format":"standard","meta":{"footnotes":""},"categories":[3],"tags":[],"class_list":["post-16047","post","type-post","status-publish","format-standard","hentry","category-gobierno-del-estado-de-michoacan"],"_links":{"self":[{"href":"https:\/\/radiowebmx.com\/nota\/wp-json\/wp\/v2\/posts\/16047","targetHints":{"allow":["GET"]}}],"collection":[{"href":"https:\/\/radiowebmx.com\/nota\/wp-json\/wp\/v2\/posts"}],"about":[{"href":"https:\/\/radiowebmx.com\/nota\/wp-json\/wp\/v2\/types\/post"}],"author":[{"embeddable":true,"href":"https:\/\/radiowebmx.com\/nota\/wp-json\/wp\/v2\/users\/1"}],"replies":[{"embeddable":true,"href":"https:\/\/radiowebmx.com\/nota\/wp-json\/wp\/v2\/comments?post=16047"}],"version-history":[{"count":2,"href":"https:\/\/radiowebmx.com\/nota\/wp-json\/wp\/v2\/posts\/16047\/revisions"}],"predecessor-version":[{"id":16049,"href":"https:\/\/radiowebmx.com\/nota\/wp-json\/wp\/v2\/posts\/16047\/revisions\/16049"}],"wp:attachment":[{"href":"https:\/\/radiowebmx.com\/nota\/wp-json\/wp\/v2\/media?parent=16047"}],"wp:term":[{"taxonomy":"category","embeddable":true,"href":"https:\/\/radiowebmx.com\/nota\/wp-json\/wp\/v2\/categories?post=16047"},{"taxonomy":"post_tag","embeddable":true,"href":"https:\/\/radiowebmx.com\/nota\/wp-json\/wp\/v2\/tags?post=16047"}],"curies":[{"name":"wp","href":"https:\/\/api.w.org\/{rel}","templated":true}]}}