{"id":16044,"date":"2015-06-15T11:27:13","date_gmt":"2015-06-15T16:27:13","guid":{"rendered":"https:\/\/radiowebmx.com\/nota\/?p=16044"},"modified":"2015-06-15T11:27:13","modified_gmt":"2015-06-15T16:27:13","slug":"residentes-de-la-casa-cuna-luz-amor-y-esperanza-disfrutan-de-actividades-recreativas","status":"publish","type":"post","link":"https:\/\/radiowebmx.com\/nota\/residentes-de-la-casa-cuna-luz-amor-y-esperanza-disfrutan-de-actividades-recreativas\/","title":{"rendered":"RESIDENTES DE LA CASA CUNA \u201cLUZ, AMOR Y ESPERANZA\u201d DISFRUTAN DE ACTIVIDADES RECREATIVAS"},"content":{"rendered":"<p>El<b> <\/b>Sistema para el Desarrollo Integral de la Familia (DIF) Michoac\u00e1n, que preside Catherine R. Ettinger, a trav\u00e9s de la Direcci\u00f3n de Asistencia e Inclusi\u00f3n Social, llev\u00f3 a cabo una serie de actividades recreativas para los ni\u00f1os residentes de la Casa Cuna \u201cLuz, Amor y Esperanza\u201d.<\/p>\n<p>Mariana Sosa Olmeda, directora de la dependencia estatal, refiri\u00f3 que este tipo de actividades son muy importantes para el desarrollo de los ni\u00f1os, les permiten mejorar su desempe\u00f1o, divertirse y convivir con sus compa\u00f1eros, por lo que resulta indispensable fomentarlas.<\/p>\n<p>En el Centro de Arte y Cultura \u201cJos\u00e9 Ma. Morelos\u201d, 18 ni\u00f1as y ni\u00f1os de entre tres y seis a\u00f1os disfrutaron del campamento \u201cApache\u201d, \u00e9ste tuvo como objetivo brindar una experiencia de convivencia y juegos organizados en donde se pusieron a prueba las habilidades en la resoluci\u00f3n de problemas y el trabajo en equipo.<\/p>\n<p>Ah\u00ed los peque\u00f1itos que conformaron los equipos de los \u201cLobos\u201d, las \u201c\u00c1guilas\u201d, los \u201cB\u00fafalos\u201d y los \u201cOsos\u201d, realizaron durante todo el d\u00eda diversas actividades y competencias adem\u00e1s de pasar tiempo en una alberca infantil.<\/p>\n<p>Por otro lado, 21 peque\u00f1itos de dos a cinco a\u00f1os visitaron el Zool\u00f3gico \u201cBenito Ju\u00e1rez\u201d e hicieron un recorrido en el que pudieron conocer cada una de las especies que se encuentran en el parque. Al finalizar la visita, fueron trasladados a una sala de cine en la que se divirtieron con la pel\u00edcula infantil \u201cHome: No hay lugar como el hogar\u201d.<\/p>\n<p>Martha Guzm\u00e1n Casta\u00f1eda, directora de Asistencia e Inclusi\u00f3n Social, refiri\u00f3 que uno de los objetivos del \u00e1rea a su cargo es crear estrategias encaminadas al sano crecimiento f\u00edsico, mental y social de la ni\u00f1ez, por lo que se busca constantemente el desarrollo de acciones que conlleven al logro del mismo.<\/p>\n","protected":false},"excerpt":{"rendered":"<p>El Sistema para el Desarrollo Integral de la Familia (DIF) Michoac\u00e1n, que preside Catherine R. Ettinger, a trav\u00e9s de la Direcci\u00f3n de Asistencia e Inclusi\u00f3n Social, llev\u00f3 a cabo una serie de actividades recreativas para los ni\u00f1os residentes de la Casa Cuna \u201cLuz, Amor y Esperanza\u201d.<\/p>\n","protected":false},"author":1,"featured_media":16045,"comment_status":"open","ping_status":"open","sticky":false,"template":"","format":"standard","meta":{"footnotes":""},"categories":[14,3],"tags":[],"class_list":["post-16044","post","type-post","status-publish","format-standard","has-post-thumbnail","hentry","category-destacadas","category-gobierno-del-estado-de-michoacan"],"_links":{"self":[{"href":"https:\/\/radiowebmx.com\/nota\/wp-json\/wp\/v2\/posts\/16044","targetHints":{"allow":["GET"]}}],"collection":[{"href":"https:\/\/radiowebmx.com\/nota\/wp-json\/wp\/v2\/posts"}],"about":[{"href":"https:\/\/radiowebmx.com\/nota\/wp-json\/wp\/v2\/types\/post"}],"author":[{"embeddable":true,"href":"https:\/\/radiowebmx.com\/nota\/wp-json\/wp\/v2\/users\/1"}],"replies":[{"embeddable":true,"href":"https:\/\/radiowebmx.com\/nota\/wp-json\/wp\/v2\/comments?post=16044"}],"version-history":[{"count":1,"href":"https:\/\/radiowebmx.com\/nota\/wp-json\/wp\/v2\/posts\/16044\/revisions"}],"predecessor-version":[{"id":16046,"href":"https:\/\/radiowebmx.com\/nota\/wp-json\/wp\/v2\/posts\/16044\/revisions\/16046"}],"wp:featuredmedia":[{"embeddable":true,"href":"https:\/\/radiowebmx.com\/nota\/wp-json\/wp\/v2\/media\/16045"}],"wp:attachment":[{"href":"https:\/\/radiowebmx.com\/nota\/wp-json\/wp\/v2\/media?parent=16044"}],"wp:term":[{"taxonomy":"category","embeddable":true,"href":"https:\/\/radiowebmx.com\/nota\/wp-json\/wp\/v2\/categories?post=16044"},{"taxonomy":"post_tag","embeddable":true,"href":"https:\/\/radiowebmx.com\/nota\/wp-json\/wp\/v2\/tags?post=16044"}],"curies":[{"name":"wp","href":"https:\/\/api.w.org\/{rel}","templated":true}]}}