{"id":16040,"date":"2015-06-15T11:21:41","date_gmt":"2015-06-15T16:21:41","guid":{"rendered":"https:\/\/radiowebmx.com\/nota\/?p=16040"},"modified":"2015-06-15T11:21:48","modified_gmt":"2015-06-15T16:21:48","slug":"continuan-capacitaciones-para-los-oferentes-de-los-ccap","status":"publish","type":"post","link":"https:\/\/radiowebmx.com\/nota\/continuan-capacitaciones-para-los-oferentes-de-los-ccap\/","title":{"rendered":"CONTIN\u00daAN CAPACITACIONES PARA LOS OFERENTES DE LOS CCAP"},"content":{"rendered":"<p>La Secretar\u00eda de Desarrollo Econ\u00f3mico (Sedeco), a trav\u00e9s de la Direcci\u00f3n de Abasto y Comercio Popular, con el compromiso de brindar a los ciudadanos las mejores herramientas que permitan un mayor rendimiento y fortalecimiento de las Micro, Peque\u00f1as y Medianas Empresas, contin\u00faa capacitando a los oferentes de los Centros de Comercializaci\u00f3n y Abasto Popular (CCAP).<\/p>\n<p>Al respecto, Carlos Pfister Huerta Ca\u00f1edo, titular de Sedeco, resalt\u00f3 la importancia de implementar mecanismos efectivos para la buena administraci\u00f3n de los ingresos que los oferentes obtienen de sus negocios en los CCAP. Adem\u00e1s se\u00f1al\u00f3 que este tipo de herramientas son importantes y necesarias para el desarrollo y promoci\u00f3n de sus productos, as\u00ed como la implementaci\u00f3n de nuevas estrategias de venta, captaci\u00f3n de clientes, optimizar\u00a0 las compras con los proveedores a fin de conseguir los mejores precios y ser m\u00e1s competitivos.<\/p>\n<p>Por su parte, Emilio D\u00edaz Guadarrama, director de Abasto y Comercio Popular de la Sedeco, dijo que este tipo de capacitaciones ofrecen herramientas necesarias para el desarrollo y manejo de los recursos de los espacios comerciales, de ah\u00ed su importancia.<\/p>\n<p>Dicha capacitaci\u00f3n se efectu\u00f3 en coordinaci\u00f3n con S\u00ed Financia y NAFIN, con el tema \u201cC\u00f3mo vender en la micro peque\u00f1a y mediana empresa\u201d, misma que fue impartida por Patricia Alc\u00e1ntara Ju\u00e1rez.<\/p>\n","protected":false},"excerpt":{"rendered":"<p>La Secretar\u00eda de Desarrollo Econ\u00f3mico (Sedeco), a trav\u00e9s de la Direcci\u00f3n de Abasto y Comercio Popular, con el compromiso de brindar a los ciudadanos las mejores herramientas que permitan un mayor rendimiento y fortalecimiento de las Micro, Peque\u00f1as y Medianas Empresas, <\/p>\n","protected":false},"author":1,"featured_media":0,"comment_status":"open","ping_status":"open","sticky":false,"template":"","format":"standard","meta":{"footnotes":""},"categories":[3],"tags":[],"class_list":["post-16040","post","type-post","status-publish","format-standard","hentry","category-gobierno-del-estado-de-michoacan"],"_links":{"self":[{"href":"https:\/\/radiowebmx.com\/nota\/wp-json\/wp\/v2\/posts\/16040","targetHints":{"allow":["GET"]}}],"collection":[{"href":"https:\/\/radiowebmx.com\/nota\/wp-json\/wp\/v2\/posts"}],"about":[{"href":"https:\/\/radiowebmx.com\/nota\/wp-json\/wp\/v2\/types\/post"}],"author":[{"embeddable":true,"href":"https:\/\/radiowebmx.com\/nota\/wp-json\/wp\/v2\/users\/1"}],"replies":[{"embeddable":true,"href":"https:\/\/radiowebmx.com\/nota\/wp-json\/wp\/v2\/comments?post=16040"}],"version-history":[{"count":3,"href":"https:\/\/radiowebmx.com\/nota\/wp-json\/wp\/v2\/posts\/16040\/revisions"}],"predecessor-version":[{"id":16043,"href":"https:\/\/radiowebmx.com\/nota\/wp-json\/wp\/v2\/posts\/16040\/revisions\/16043"}],"wp:attachment":[{"href":"https:\/\/radiowebmx.com\/nota\/wp-json\/wp\/v2\/media?parent=16040"}],"wp:term":[{"taxonomy":"category","embeddable":true,"href":"https:\/\/radiowebmx.com\/nota\/wp-json\/wp\/v2\/categories?post=16040"},{"taxonomy":"post_tag","embeddable":true,"href":"https:\/\/radiowebmx.com\/nota\/wp-json\/wp\/v2\/tags?post=16040"}],"curies":[{"name":"wp","href":"https:\/\/api.w.org\/{rel}","templated":true}]}}