{"id":16036,"date":"2015-06-15T11:13:47","date_gmt":"2015-06-15T16:13:47","guid":{"rendered":"https:\/\/radiowebmx.com\/nota\/?p=16036"},"modified":"2015-06-15T11:13:47","modified_gmt":"2015-06-15T16:13:47","slug":"anuncian-exposicion-fuerzas-armadas-pasion-por-servir-a-mexico","status":"publish","type":"post","link":"https:\/\/radiowebmx.com\/nota\/anuncian-exposicion-fuerzas-armadas-pasion-por-servir-a-mexico\/","title":{"rendered":"ANUNCIAN EXPOSICI\u00d3N \u201cFUERZAS ARMADAS, PASI\u00d3N POR SERVIR A M\u00c9XICO\u201d"},"content":{"rendered":"<p>Con el prop\u00f3sito de que los michoacanos conozcan el trabajo que realiza el Ej\u00e9rcito y Fuerza A\u00e9rea mexicanos, sus herramientas, adem\u00e1s de fortalecer el sentido de identidad con los elementos de las Secretar\u00edas de la Defensa Nacional y Marina Armada, del 20 de junio al 18 de julio, en el estacionamiento del Estadio Morelos de esta capital michoacana, estar\u00e1 abierta al p\u00fablico la Exposici\u00f3n \u201cFuerzas Armadas, pasi\u00f3n por servir a M\u00e9xico\u201d.<\/p>\n<p>En conferencia de prensa, autoridades federales y estatales, encabezadas por el secretario de Turismo estatal, Carlos \u00c1vila Pedraza, con la representaci\u00f3n del gobernador Salvador Jara Guerrero, y el comandante de la XXI Zona Militar, general de Brigada DEM, Jos\u00e9 Francisco Morales C\u00e1zares, dieron los pormenores de este magno evento que ofrece a sus visitantes la oportunidad excepcional de conocer a las fuerzas armadas, as\u00ed como algunas de las aeronaves, veh\u00edculos, embarcaciones, ganado y equipamiento que emplean para realizar sus actividades diarias.<\/p>\n<p>La expo, con acceso totalmente gratuito, estar\u00e1 abierta al p\u00fablico los siete d\u00edas de la semana, de 9:00 a 18:00 horas.<\/p>\n<p>El objetivo, es comunicar<b> <\/b>los valores y actividades realizadas por la Secretar\u00eda de la Defensa Nacional (Sedena), en el marco del festejo de los 100 a\u00f1os de la Fuerza A\u00e9rea Mexicana y el reforzamiento de la convivencia social y la coadyuvancia en la percepci\u00f3n de la sociedad a las instituciones.<\/p>\n<p>Tambi\u00e9n, resaltar los programas sociales y actividades culturales y educativas que llevan a cabo las Secretar\u00edas de la Defensa Nacional y de Marina; estrechar lazos de las Fuerzas Armadas con el Gobierno del Estado y crear empat\u00eda con la sociedad.<\/p>\n<p>Otros de los prop\u00f3sitos son comunicar igualdad de g\u00e9nero; humanizar la imagen del soldado; crear v\u00ednculo emocional con la gente y generar orgullo de sus Fuerzas Armadas; adem\u00e1s de mostrar la modernizaci\u00f3n, profesionalizaci\u00f3n y equipamiento.<\/p>\n<p>La exposici\u00f3n, que ha recorrido ya tres estados de la Rep\u00fablica,<b> <\/b>se compone de 18 stands dise\u00f1ados para que la ciudadan\u00eda pueda apreciar parte de la historia, artiller\u00eda y nuevas tecnolog\u00edas que utilizan las Fuerzas Armadas en beneficio de la sociedad. De igual manera se muestran criaderos, granjas, adiestramiento canino y viveros militares, paracaidismo militar, Plan DNIII,\u00a0 Domo de la Fuerza A\u00e9rea, 2 stands de la SEMAR, entre otros.<\/p>\n<p>Los asistentes podr\u00e1n ser part\u00edcipes en las actividades interactivas como la exposici\u00f3n de aeronaves y veh\u00edculos; torre de rappel, escalada, tirolesa de dos l\u00edneas; la monta, paseo a caballo, exhibici\u00f3n de salto y equino-terapia; pista de obst\u00e1culos infantiles; pista murci\u00e9lago; camuflaje del rostro; fotograf\u00eda con paraca\u00eddas y t\u00e9cnica para plantar \u00e1rboles.<\/p>\n","protected":false},"excerpt":{"rendered":"<p>Con el prop\u00f3sito de que los michoacanos conozcan el trabajo que realiza el Ej\u00e9rcito y Fuerza A\u00e9rea mexicanos, sus herramientas, adem\u00e1s de fortalecer el sentido de identidad con los elementos de las Secretar\u00edas de la Defensa Nacional y Marina Armada, del 20 de junio al 18 de julio, <\/p>\n","protected":false},"author":1,"featured_media":16037,"comment_status":"open","ping_status":"open","sticky":false,"template":"","format":"standard","meta":{"footnotes":""},"categories":[14,3],"tags":[],"class_list":["post-16036","post","type-post","status-publish","format-standard","has-post-thumbnail","hentry","category-destacadas","category-gobierno-del-estado-de-michoacan"],"_links":{"self":[{"href":"https:\/\/radiowebmx.com\/nota\/wp-json\/wp\/v2\/posts\/16036","targetHints":{"allow":["GET"]}}],"collection":[{"href":"https:\/\/radiowebmx.com\/nota\/wp-json\/wp\/v2\/posts"}],"about":[{"href":"https:\/\/radiowebmx.com\/nota\/wp-json\/wp\/v2\/types\/post"}],"author":[{"embeddable":true,"href":"https:\/\/radiowebmx.com\/nota\/wp-json\/wp\/v2\/users\/1"}],"replies":[{"embeddable":true,"href":"https:\/\/radiowebmx.com\/nota\/wp-json\/wp\/v2\/comments?post=16036"}],"version-history":[{"count":2,"href":"https:\/\/radiowebmx.com\/nota\/wp-json\/wp\/v2\/posts\/16036\/revisions"}],"predecessor-version":[{"id":16039,"href":"https:\/\/radiowebmx.com\/nota\/wp-json\/wp\/v2\/posts\/16036\/revisions\/16039"}],"wp:featuredmedia":[{"embeddable":true,"href":"https:\/\/radiowebmx.com\/nota\/wp-json\/wp\/v2\/media\/16037"}],"wp:attachment":[{"href":"https:\/\/radiowebmx.com\/nota\/wp-json\/wp\/v2\/media?parent=16036"}],"wp:term":[{"taxonomy":"category","embeddable":true,"href":"https:\/\/radiowebmx.com\/nota\/wp-json\/wp\/v2\/categories?post=16036"},{"taxonomy":"post_tag","embeddable":true,"href":"https:\/\/radiowebmx.com\/nota\/wp-json\/wp\/v2\/tags?post=16036"}],"curies":[{"name":"wp","href":"https:\/\/api.w.org\/{rel}","templated":true}]}}