{"id":16032,"date":"2015-06-15T11:02:27","date_gmt":"2015-06-15T16:02:27","guid":{"rendered":"https:\/\/radiowebmx.com\/nota\/?p=16032"},"modified":"2015-06-15T11:02:27","modified_gmt":"2015-06-15T16:02:27","slug":"morelia-sede-de-la-exposicion-fuerzas-armadaspasion-por-servir-a-mexico","status":"publish","type":"post","link":"https:\/\/radiowebmx.com\/nota\/morelia-sede-de-la-exposicion-fuerzas-armadaspasion-por-servir-a-mexico\/","title":{"rendered":"Morelia sede de la exposici\u00f3n \u2018Fuerzas Armadas\u2026Pasi\u00f3n por Servir a M\u00e9xico\u2019"},"content":{"rendered":"<p>Salvador Abud Mirabent, presidente municipal de Morelia, se congratul\u00f3 de que nuestra ciudad sea el escenario de la magna exposici\u00f3n, \u201cFuerzas Armadas\u2026Pasi\u00f3n por Servir a M\u00e9xico\u201d, que ser\u00e1 inaugurada el pr\u00f3ximo 20 de junio en el estacionamiento del estadio Morelos, para todos los morelianos y michoacanos, con la finalidad de conmemorar el Centenario de las Fuerza A\u00e9rea de la naci\u00f3n.<\/p>\n<p>El alcalde dio la bienvenida al General de Brigada del Estado Mayor, Jos\u00e9 Francisco Morales C\u00e1zares, as\u00ed como al secretario de turismo de Michoac\u00e1n, Carlos Javier \u00c1vila Pedraza; Guadalupe Morales L\u00f3pez, Presidenta de la Canaco Servytur Morelia, adem\u00e1s de las autoridades y representantes de la XXI Zona Militar, ante quienes hizo\u00a0 del conocimiento p\u00fablico la apertura de este magno evento.<\/p>\n<p>Abud Mirabent asegur\u00f3 que la exposici\u00f3n ser\u00e1 excepcional para nuestra ciudad, sobre todo porque al contar con un acontecimiento de esta envergadura, se abre una importante apuesta para dar a conocer la valiosa labor que ofrecen las fuerzas armadas en favor de la sociedad e incentivar en los j\u00f3venes michoacanos el inter\u00e9s por servir a M\u00e9xico, ya que Morelia se caracteriza por ser una ciudad que recibe y forma acad\u00e9micamente a miles de universitarios cada a\u00f1o.<\/p>\n<p>&nbsp;<\/p>\n<p>Asimismo, el presidente municipal reconoci\u00f3 que esta exposici\u00f3n es una oportunidad de trabajo conjunto con los tres \u00f3rdenes de gobierno, el cual debe continuar siendo cercano, estrecho y efectuado de forma transversal. Y sobre todo, refiri\u00f3 Abud Mirabent,\u00a0 de este modo es como se conoce a cabalidad las diferentes funciones que desempe\u00f1an las secretar\u00edas de la funci\u00f3n p\u00fablica municipal y estatal, adem\u00e1s de las labores de la \u00a0Defensa Nacional para estrechar los lazos en favor de los mexicanos.<\/p>\n<p>El edil enfatiz\u00f3 el reconocimiento a la Secretar\u00eda de la Defensa Nacional y reiter\u00f3 su voluntad de trabajo como presidente municipal para generar las condiciones \u00f3ptimas y de \u00e9xito para dicha exposici\u00f3n.<\/p>\n<p>En este sentido, hizo extensivo el honor de los morelianos por el hecho de que se haya elegido esta ciudad para instalar esta impresionante exposici\u00f3n en el territorio municipal, luego de su exitosa presencia en Pachuca a donde asistieron m\u00e1s de un mill\u00f3n de visitantes. De este modo, invit\u00f3 a las familias morelianas a que acudan a este evento.<\/p>\n<p>Abud Mirabent dijo que el Ayuntamiento colaborar\u00e1 para poner a disposici\u00f3n de los morelianos el transporte que permita a los ni\u00f1os disfrutar de esta exposici\u00f3n, adem\u00e1s abonar con la difusi\u00f3n de la misma.<\/p>\n<p>Cabe mencionar que la exposici\u00f3n contar\u00e1 con 18 stands dise\u00f1ados para que la ciudadan\u00eda pueda apreciar parte de la historia, artiller\u00eda y nuevas tecnolog\u00edas que utilizan las Fuerzas Armadas, adem\u00e1s de criaderos, granjas, adiestramiento canino, viveros militares, paracaidismo militar, domo de la Fuerza\u00a0 A\u00e9rea, 2 stands de la Secretar\u00eda de Marina, entre otros.<\/p>\n<p>La exposici\u00f3n que tiene el objetivo de comunicar los valores de las fuerzas armadas crear empat\u00eda con la sociedad, estar\u00e1\u00a0 abierta los 7 d\u00edas de la semana de 9:00 a 18:00 horas en el estadio \u201cJos\u00e9 Mar\u00eda Morelos\u201d.<\/p>\n","protected":false},"excerpt":{"rendered":"<p>Salvador Abud Mirabent, presidente municipal de Morelia, se congratul\u00f3 de que nuestra ciudad sea el escenario de la magna exposici\u00f3n, \u201cFuerzas Armadas\u2026Pasi\u00f3n por Servir a M\u00e9xico\u201d, <\/p>\n","protected":false},"author":1,"featured_media":16033,"comment_status":"open","ping_status":"open","sticky":false,"template":"","format":"standard","meta":{"footnotes":""},"categories":[14,9],"tags":[],"class_list":["post-16032","post","type-post","status-publish","format-standard","has-post-thumbnail","hentry","category-destacadas","category-morelia"],"_links":{"self":[{"href":"https:\/\/radiowebmx.com\/nota\/wp-json\/wp\/v2\/posts\/16032","targetHints":{"allow":["GET"]}}],"collection":[{"href":"https:\/\/radiowebmx.com\/nota\/wp-json\/wp\/v2\/posts"}],"about":[{"href":"https:\/\/radiowebmx.com\/nota\/wp-json\/wp\/v2\/types\/post"}],"author":[{"embeddable":true,"href":"https:\/\/radiowebmx.com\/nota\/wp-json\/wp\/v2\/users\/1"}],"replies":[{"embeddable":true,"href":"https:\/\/radiowebmx.com\/nota\/wp-json\/wp\/v2\/comments?post=16032"}],"version-history":[{"count":2,"href":"https:\/\/radiowebmx.com\/nota\/wp-json\/wp\/v2\/posts\/16032\/revisions"}],"predecessor-version":[{"id":16035,"href":"https:\/\/radiowebmx.com\/nota\/wp-json\/wp\/v2\/posts\/16032\/revisions\/16035"}],"wp:featuredmedia":[{"embeddable":true,"href":"https:\/\/radiowebmx.com\/nota\/wp-json\/wp\/v2\/media\/16033"}],"wp:attachment":[{"href":"https:\/\/radiowebmx.com\/nota\/wp-json\/wp\/v2\/media?parent=16032"}],"wp:term":[{"taxonomy":"category","embeddable":true,"href":"https:\/\/radiowebmx.com\/nota\/wp-json\/wp\/v2\/categories?post=16032"},{"taxonomy":"post_tag","embeddable":true,"href":"https:\/\/radiowebmx.com\/nota\/wp-json\/wp\/v2\/tags?post=16032"}],"curies":[{"name":"wp","href":"https:\/\/api.w.org\/{rel}","templated":true}]}}