{"id":16019,"date":"2015-06-15T10:49:47","date_gmt":"2015-06-15T15:49:47","guid":{"rendered":"https:\/\/radiowebmx.com\/nota\/?p=16019"},"modified":"2015-06-15T10:49:47","modified_gmt":"2015-06-15T15:49:47","slug":"el-deporte-un-bien-publico-abud-mirabent","status":"publish","type":"post","link":"https:\/\/radiowebmx.com\/nota\/el-deporte-un-bien-publico-abud-mirabent\/","title":{"rendered":"El deporte, un bien  p\u00fablico: Abud Mirabent"},"content":{"rendered":"<p>Con el inter\u00e9s de consolidar el deporte como un bien p\u00fablico, Salvador Abud Miranbent, presidente municipal de Morelia, inaugur\u00f3 el Campeonato Nacional de Atletismo de Primera Fuerza, que arranc\u00f3 en el Complejo Deportivo Bicentenario.<\/p>\n<p>&nbsp;<\/p>\n<p>Al hacer la declaratoria inaugural, el alcalde afirm\u00f3 que el\u00a02015 ha sido un a\u00f1o glorioso y memorable para los morelianos, as\u00ed como lleno de grandes desaf\u00edos, \u00e9xitos y alegr\u00edas, sobre todo porque Morelia se ha consolidado a lo largo de esta administraci\u00f3n municipal como la capital nacional del deporte.<\/p>\n<p>&nbsp;<\/p>\n<p>A nombre del pueblo moreliano, Abud Mirabent dio la bienvenida a todos los deportistas mexicanos procedentes de las 32 delegaciones del pa\u00eds y que se encuentran compitiendo en la capital michoacana, en una de las fiestas m\u00e1s importantes del atletismo nacional.<\/p>\n<p>&nbsp;<\/p>\n<p>&nbsp;<\/p>\n<p>Asimismo, Abud Mirabent celebr\u00f3 que Morelia sea la sede de este tipo de acontecimientos que inspiran y renuevan los valores humanos y sociales en nuestra comunidad, as\u00ed como la de los ni\u00f1os y j\u00f3venes.<\/p>\n<p>&nbsp;<\/p>\n<p>Agradeci\u00f3\u00a0 de manera especial a la Federaci\u00f3n Mexicana de Asociaciones de Atletismo, as\u00ed como a los deportistas y visitantes por depositar su confianza en Morelia y los morelianos, y resalt\u00f3 el entusiasmo con el que los 400 deportistas han llegado a esta competencia y que, con esfuerzo y determinaci\u00f3n, buscar\u00e1n\u00a0 un espacio para representar a M\u00e9xico en los XXII Juegos Panamericanos, Toronto 2015, a celebrarse del 21 al 26 de julio.<\/p>\n<p>&nbsp;<\/p>\n<p>Por otra parte, Abud Mirabent dijo que este campeonato dejar\u00e1 una importante ense\u00f1anza para los j\u00f3venes, pues campeonatos de este tipo demuestran que el deporte es un medio de desarrollo y tambi\u00e9n una plataforma para cumplir los m\u00e1s grandes sue\u00f1os y objetivos de la ni\u00f1ez y juventud.<\/p>\n<p>&nbsp;<\/p>\n<p>Augur\u00f3 el mayor de los \u00e9xitos a cada uno de los deportistas participantes y agradeci\u00f3 a quienes lo acompa\u00f1aron a la ceremonia inaugural de dicho campeonato: Rams\u00e9s Barajas Mondrag\u00f3n, subdirector del deporte de Cecufid, en representaci\u00f3n del gobernador del estado; Antonio Lozano Pineda, presidente de la Federaci\u00f3n Mexicana de Asociaciones de Atletismo\u00a0 y Miguel \u00c1ngel Garc\u00eda Meza, director general del Instituto Moreliano de Cultura F\u00edsica y Deporte.<\/p>\n<p>&nbsp;<\/p>\n<p>&nbsp;<\/p>\n<p>Cabe mencionar que debido a su destacada trayectoria, el alcalde entreg\u00f3 reconocimientos a los profesores-entrenadores de atletismo mexicano, entre quienes figuran Jorge Ren\u00e1n Rodr\u00edguez S\u00e1nchez, Jos\u00e9 Manuel Le\u00f3n Gonz\u00e1lez, Juan Manuel Melgoza D\u00edaz, Sergio Barajas Acosta y Luis Casar G\u00f3mez.<\/p>\n","protected":false},"excerpt":{"rendered":"<p>Con el inter\u00e9s de consolidar el deporte como un bien p\u00fablico, Salvador Abud Miranbent, presidente municipal de Morelia, inaugur\u00f3 el Campeonato Nacional de Atletismo de Primera Fuerza, que arranc\u00f3 en el Complejo Deportivo Bicentenario.<\/p>\n","protected":false},"author":1,"featured_media":16020,"comment_status":"open","ping_status":"open","sticky":false,"template":"","format":"standard","meta":{"footnotes":""},"categories":[14,9],"tags":[],"class_list":["post-16019","post","type-post","status-publish","format-standard","has-post-thumbnail","hentry","category-destacadas","category-morelia"],"_links":{"self":[{"href":"https:\/\/radiowebmx.com\/nota\/wp-json\/wp\/v2\/posts\/16019","targetHints":{"allow":["GET"]}}],"collection":[{"href":"https:\/\/radiowebmx.com\/nota\/wp-json\/wp\/v2\/posts"}],"about":[{"href":"https:\/\/radiowebmx.com\/nota\/wp-json\/wp\/v2\/types\/post"}],"author":[{"embeddable":true,"href":"https:\/\/radiowebmx.com\/nota\/wp-json\/wp\/v2\/users\/1"}],"replies":[{"embeddable":true,"href":"https:\/\/radiowebmx.com\/nota\/wp-json\/wp\/v2\/comments?post=16019"}],"version-history":[{"count":1,"href":"https:\/\/radiowebmx.com\/nota\/wp-json\/wp\/v2\/posts\/16019\/revisions"}],"predecessor-version":[{"id":16021,"href":"https:\/\/radiowebmx.com\/nota\/wp-json\/wp\/v2\/posts\/16019\/revisions\/16021"}],"wp:featuredmedia":[{"embeddable":true,"href":"https:\/\/radiowebmx.com\/nota\/wp-json\/wp\/v2\/media\/16020"}],"wp:attachment":[{"href":"https:\/\/radiowebmx.com\/nota\/wp-json\/wp\/v2\/media?parent=16019"}],"wp:term":[{"taxonomy":"category","embeddable":true,"href":"https:\/\/radiowebmx.com\/nota\/wp-json\/wp\/v2\/categories?post=16019"},{"taxonomy":"post_tag","embeddable":true,"href":"https:\/\/radiowebmx.com\/nota\/wp-json\/wp\/v2\/tags?post=16019"}],"curies":[{"name":"wp","href":"https:\/\/api.w.org\/{rel}","templated":true}]}}