{"id":16012,"date":"2015-06-15T10:44:06","date_gmt":"2015-06-15T15:44:06","guid":{"rendered":"https:\/\/radiowebmx.com\/nota\/?p=16012"},"modified":"2015-06-15T10:44:06","modified_gmt":"2015-06-15T15:44:06","slug":"ooapas-informa-que-trabajara-manana-sobre-las-calles-allende-y-nicolas-bravo","status":"publish","type":"post","link":"https:\/\/radiowebmx.com\/nota\/ooapas-informa-que-trabajara-manana-sobre-las-calles-allende-y-nicolas-bravo\/","title":{"rendered":"OOAPAS informa que trabajar\u00e1 ma\u00f1ana sobre las calles Allende y Nicol\u00e1s Bravo"},"content":{"rendered":"<p><span style=\"font-size: large;\">El Organismo Operador de Agua Potable, Alcantarillado y Saneamiento de Morelia (OOAPAS) informa que ma\u00f1ana s\u00e1bado 13 de junio se efectuar\u00e1 la colocaci\u00f3n de concreto sobre la obra que se realiz\u00f3 en d\u00edas pasados en el Centro Hist\u00f3rico de Morelia.<\/span><\/p>\n<p><span style=\"font-size: large;\"><br \/>\nLos trabajos comenzar\u00e1n a partir de las 12:00 horas en las calles Allende y Nicol\u00e1s Bravo, en el primer cuadro de la capital michoacana. Para llevar a cabo estas acciones, ser\u00e1 necesario cerrar estas r\u00faas en los siguientes tramos:<\/span><\/p>\n<p><span style=\"font-size: large;\"><br \/>\n-Allende, entre Cuautla y Nicol\u00e1s Bravo.<br \/>\n-Nicol\u00e1s Bravo, entre Corregidora y Allende.<\/p>\n<p>La semana pasada se realiz\u00f3 un sondeo en la l\u00ednea de distribuci\u00f3n de agua ubicada sobre la calle Allende, para revisar las condiciones de la infraestructura y mejorar el servicio de la zona.<\/span><\/p>\n<p><span style=\"font-size: large;\">\u00a0<\/span><\/p>\n<p><span style=\"font-size: large;\">Por esta raz\u00f3n, ser\u00e1 necesario cerrar a la circulaci\u00f3n la zona de los trabajos, para garantizar la seguridad de la ciudadan\u00eda y resguardar la obra. El Organismo Operador contar\u00e1 con el apoyo de la Direcci\u00f3n de Seguridad Ciudadana, y se prev\u00e9 que se abra la vialidad durante la madrugada del domingo 14 de junio.<\/span><\/p>\n<p><span style=\"font-size: large;\">\u00a0<\/span><\/p>\n<p><span style=\"font-size: large;\">Debido a lo anterior, se recomienda a los automovilistas evitar el tr\u00e1nsito por el lugar de los trabajos en el lapso de tiempo se\u00f1alado.<\/span><\/p>\n","protected":false},"excerpt":{"rendered":"<p>El Organismo Operador de Agua Potable, Alcantarillado y Saneamiento de Morelia (OOAPAS) informa que ma\u00f1ana s\u00e1bado 13 de junio se efectuar\u00e1 la colocaci\u00f3n de concreto sobre la obra que se realiz\u00f3 en d\u00edas pasados en el Centro Hist\u00f3rico de Morelia.<\/p>\n","protected":false},"author":1,"featured_media":16013,"comment_status":"open","ping_status":"open","sticky":false,"template":"","format":"standard","meta":{"footnotes":""},"categories":[14,9],"tags":[],"class_list":["post-16012","post","type-post","status-publish","format-standard","has-post-thumbnail","hentry","category-destacadas","category-morelia"],"_links":{"self":[{"href":"https:\/\/radiowebmx.com\/nota\/wp-json\/wp\/v2\/posts\/16012","targetHints":{"allow":["GET"]}}],"collection":[{"href":"https:\/\/radiowebmx.com\/nota\/wp-json\/wp\/v2\/posts"}],"about":[{"href":"https:\/\/radiowebmx.com\/nota\/wp-json\/wp\/v2\/types\/post"}],"author":[{"embeddable":true,"href":"https:\/\/radiowebmx.com\/nota\/wp-json\/wp\/v2\/users\/1"}],"replies":[{"embeddable":true,"href":"https:\/\/radiowebmx.com\/nota\/wp-json\/wp\/v2\/comments?post=16012"}],"version-history":[{"count":1,"href":"https:\/\/radiowebmx.com\/nota\/wp-json\/wp\/v2\/posts\/16012\/revisions"}],"predecessor-version":[{"id":16014,"href":"https:\/\/radiowebmx.com\/nota\/wp-json\/wp\/v2\/posts\/16012\/revisions\/16014"}],"wp:featuredmedia":[{"embeddable":true,"href":"https:\/\/radiowebmx.com\/nota\/wp-json\/wp\/v2\/media\/16013"}],"wp:attachment":[{"href":"https:\/\/radiowebmx.com\/nota\/wp-json\/wp\/v2\/media?parent=16012"}],"wp:term":[{"taxonomy":"category","embeddable":true,"href":"https:\/\/radiowebmx.com\/nota\/wp-json\/wp\/v2\/categories?post=16012"},{"taxonomy":"post_tag","embeddable":true,"href":"https:\/\/radiowebmx.com\/nota\/wp-json\/wp\/v2\/tags?post=16012"}],"curies":[{"name":"wp","href":"https:\/\/api.w.org\/{rel}","templated":true}]}}