{"id":15940,"date":"2015-06-10T10:30:59","date_gmt":"2015-06-10T15:30:59","guid":{"rendered":"https:\/\/radiowebmx.com\/nota\/?p=15940"},"modified":"2015-06-10T10:30:59","modified_gmt":"2015-06-10T15:30:59","slug":"acepta-gobernador-renuncia-del-procurador-jose-martin-godoy","status":"publish","type":"post","link":"https:\/\/radiowebmx.com\/nota\/acepta-gobernador-renuncia-del-procurador-jose-martin-godoy\/","title":{"rendered":"ACEPTA GOBERNADOR RENUNCIA DEL PROCURADOR JOS\u00c9 MART\u00cdN GODOY"},"content":{"rendered":"<p>El Gobernador de Michoac\u00e1n, Salvador Jara Guerrero, acept\u00f3 este d\u00eda la renuncia presentada por el Procurador General de Justicia, Jos\u00e9 Mart\u00edn Godoy Castro, a quien reconoci\u00f3 por su entrega y dedicaci\u00f3n manifiesta en la encomienda que concluir\u00e1 el pr\u00f3ximo d\u00eda 15 de junio.<\/p>\n<p>Tras conocer la decisi\u00f3n de Godoy Castro, Jara Guerrero reiter\u00f3 que su trabajo efectuado al frente de la Procuradur\u00eda siempre se desarroll\u00f3 con imparcialidad, eficacia y lealtad, en esa \u00e1rea tan sensible para la seguridad de los michoacanos.<\/p>\n<p>El mandatario michoacano se dijo satisfecho con los avances logrados en esa dependencia en tan breve tiempo, tomando en cuenta el gran deterioro institucional que se ten\u00eda, as\u00ed como las condiciones tan delicadas que padec\u00edan los habitantes de varias regiones de la entidad, por la preocupante presencia de integrantes de grupos criminales.<\/p>\n<p>Ponder\u00f3 que los resultados en el combate a grupos criminales son palpables, porque en las regiones antes asoladas por la delincuencia, la vida cotidiana se ha normalizado y un ejemplo de ello qued\u00f3 de manifiesto en la pasada jornada electoral.<\/p>\n<p>Jara Guerrero mencion\u00f3 que desde el trabajo emprendido en el mes de enero del a\u00f1o pasado, la instituci\u00f3n a cargo de Godoy Castro tuvo importantes avances en materia de seguridad con la creaci\u00f3n de la Unidad Especializada para el Combate al Secuestro y cumplimiento de \u00f3rdenes de aprehensi\u00f3n por delitos de alto impacto.<\/p>\n<p>Otra de las acciones que vale la pena resaltar, es la consignaci\u00f3n de averiguaciones previas contra l\u00edderes delincuenciales, contra los que no se hab\u00eda procedido hasta antes de la llegada de la Comisi\u00f3n para la Seguridad y el Desarrollo Integral de Michoac\u00e1n.<\/p>\n<p>Tareas de combate a delitos forestales llevadas a cabo en coordinaci\u00f3n con instituciones federales, as\u00ed como actividades para combatir el narcomenudeo, fueron labores constantes que arrojaron resultados positivos en la entidad, adem\u00e1s de esclarecimientos de hechos delictuosos.<\/p>\n<p>Asimismo, resalt\u00f3 que del mes de enero a la fecha se realiz\u00f3 el aseguramiento de m\u00e1s 219 inmuebles que en su mayor\u00eda estaban en poder del grupo delincuencial que predominaba y presuntamente eran utilizados para realizar actividades il\u00edcitas; otros fueron adquiridos con recursos de procedencia ilegal, todo ello con un valor superior a los tres mil millones de pesos.<\/p>\n<p>Finalmente, reconoci\u00f3 el trabajo de Godoy Castro y sus servicios prestados a Michoac\u00e1n, por lo que le dese\u00f3 \u00e9xito en las nuevas tareas profesionales que habr\u00e1 de emprender.<\/p>\n<p>Por su parte, el secretario de Seguridad P\u00fablica, Javier Ocampo Garc\u00eda, reconoci\u00f3 el trabajo realizado por el subsecretario de Seguridad P\u00fablica, Adolfo Eloy Peralta Mora y el director de Seguridad P\u00fablica,\u00a0Carlos Alberto Flores S\u00e1nchez, quienes presentaron su renuncia al cargo puesto que atender\u00e1n nuevas encomiendas en otros estados.<\/p>\n","protected":false},"excerpt":{"rendered":"<p>El Gobernador de Michoac\u00e1n, Salvador Jara Guerrero, acept\u00f3 este d\u00eda la renuncia presentada por el Procurador General de Justicia, Jos\u00e9 Mart\u00edn Godoy Castro, a quien reconoci\u00f3 por su entrega y dedicaci\u00f3n manifiesta en la encomienda que concluir\u00e1 el pr\u00f3ximo d\u00eda 15 de junio.<\/p>\n","protected":false},"author":1,"featured_media":0,"comment_status":"open","ping_status":"open","sticky":false,"template":"","format":"standard","meta":{"footnotes":""},"categories":[3],"tags":[],"class_list":["post-15940","post","type-post","status-publish","format-standard","hentry","category-gobierno-del-estado-de-michoacan"],"_links":{"self":[{"href":"https:\/\/radiowebmx.com\/nota\/wp-json\/wp\/v2\/posts\/15940","targetHints":{"allow":["GET"]}}],"collection":[{"href":"https:\/\/radiowebmx.com\/nota\/wp-json\/wp\/v2\/posts"}],"about":[{"href":"https:\/\/radiowebmx.com\/nota\/wp-json\/wp\/v2\/types\/post"}],"author":[{"embeddable":true,"href":"https:\/\/radiowebmx.com\/nota\/wp-json\/wp\/v2\/users\/1"}],"replies":[{"embeddable":true,"href":"https:\/\/radiowebmx.com\/nota\/wp-json\/wp\/v2\/comments?post=15940"}],"version-history":[{"count":1,"href":"https:\/\/radiowebmx.com\/nota\/wp-json\/wp\/v2\/posts\/15940\/revisions"}],"predecessor-version":[{"id":15941,"href":"https:\/\/radiowebmx.com\/nota\/wp-json\/wp\/v2\/posts\/15940\/revisions\/15941"}],"wp:attachment":[{"href":"https:\/\/radiowebmx.com\/nota\/wp-json\/wp\/v2\/media?parent=15940"}],"wp:term":[{"taxonomy":"category","embeddable":true,"href":"https:\/\/radiowebmx.com\/nota\/wp-json\/wp\/v2\/categories?post=15940"},{"taxonomy":"post_tag","embeddable":true,"href":"https:\/\/radiowebmx.com\/nota\/wp-json\/wp\/v2\/tags?post=15940"}],"curies":[{"name":"wp","href":"https:\/\/api.w.org\/{rel}","templated":true}]}}