{"id":15935,"date":"2015-06-10T10:27:09","date_gmt":"2015-06-10T15:27:09","guid":{"rendered":"https:\/\/radiowebmx.com\/nota\/?p=15935"},"modified":"2015-06-10T10:27:09","modified_gmt":"2015-06-10T15:27:09","slug":"sedru-a-favor-del-consumo-de-productos-michoacanos","status":"publish","type":"post","link":"https:\/\/radiowebmx.com\/nota\/sedru-a-favor-del-consumo-de-productos-michoacanos\/","title":{"rendered":"SEDRU A FAVOR DEL CONSUMO DE PRODUCTOS MICHOACANOS"},"content":{"rendered":"<p>Ante la necesidad de convertir a las tradicionales Tiendas de Abarrotes (TA) en un modelo m\u00e1s rentable y competitivo frente al exponencial crecimiento de competidores, Eugenio C. Trevi\u00f1o Garc\u00eda, secretario de Desarrollo Rural, en coordinaci\u00f3n con Diana Gabriela Hern\u00e1ndez Lomel\u00ed, delegada federal de la Secretar\u00eda de Econom\u00eda, impulsar\u00e1n el proyecto \u201cTienda M\u00e1s\u201d, el cual pretende, entre otras cosas, solventar problemas de comercializaci\u00f3n de productos Michoacanos.<\/p>\n<p>Trevi\u00f1o Garc\u00eda agradeci\u00f3 la presencia de las 42 empresas agroindustriales que se dieron cita en las instalaciones de la Secretar\u00eda de Desarrollo Rural (SEDRU) y los invit\u00f3 a formar parte de este proyecto que puede ser una gran ventana para dar a conocer sus productos y ofertarlos ante los consumidores, situaci\u00f3n que promover\u00e1 el desarrollo personal y familiar que d\u00eda a d\u00eda reflejan los productores michoacanos.<\/p>\n<p>Por su parte, Hern\u00e1ndez Lomel\u00ed recalc\u00f3 que este proyecto pretende incluir productos michoacanos para que sean comercializados en la cadena \u201cTienda M\u00e1s\u201d e integrarlos al sistema de informaci\u00f3n para eliminar a los preventistas, esto permitir\u00e1 que la compra-venta se realice directamente entre el productor y el consumidor, ya que se cuenta con 300 puntos de venta que pueden acercar a productores locales para comercializar sus productos.<\/p>\n<p>Asimismo, mencion\u00f3 que la finalidad es fortalecer la microeconom\u00eda y retomar el consumo de productos michoacanos, ya que en las cadenas \u201cTienda M\u00e1s\u201d, se van a ofrecer stands con productos locales, los cuales, ser\u00e1n el ingrediente que haga la diferencia ante las dem\u00e1s cadenas de comercio.<\/p>\n<p>Cabe mencionar que la tecnolog\u00eda va a ser fundamental para la realizaci\u00f3n de este proyecto, ya que se pretende profesionalizar a los productores y darles las herramientas tecnol\u00f3gicas adecuadas para que puedan conectarse con los consumidores; mismas que incluyen aplicaciones m\u00f3viles como el software log\u00edstico, pago de servicios b\u00e1sicos y terminales de venta.<\/p>\n<p>Finalmente, la titular de la Delegaci\u00f3n de la Secretar\u00eda de \u00a0Econom\u00eda, mencion\u00f3 que el programa piloto iniciar\u00e1 a finales del mes de julio, por lo que esperan una respuesta favorable por parte de las organizaciones de agroindustrias a que se inscriban para iniciar con las capacitaciones y que se aproveche al m\u00e1ximo el ritmo de producci\u00f3n y comercializaci\u00f3n en esta nueva cadena de comercio.<\/p>\n","protected":false},"excerpt":{"rendered":"<p>Ante la necesidad de convertir a las tradicionales Tiendas de Abarrotes (TA) en un modelo m\u00e1s rentable y competitivo frente al exponencial crecimiento de competidores, Eugenio C. Trevi\u00f1o Garc\u00eda, secretario de Desarrollo Rural, en coordinaci\u00f3n con Diana Gabriela Hern\u00e1ndez Lomel\u00ed,<\/p>\n","protected":false},"author":1,"featured_media":0,"comment_status":"open","ping_status":"open","sticky":false,"template":"","format":"standard","meta":{"footnotes":""},"categories":[3],"tags":[],"class_list":["post-15935","post","type-post","status-publish","format-standard","hentry","category-gobierno-del-estado-de-michoacan"],"_links":{"self":[{"href":"https:\/\/radiowebmx.com\/nota\/wp-json\/wp\/v2\/posts\/15935","targetHints":{"allow":["GET"]}}],"collection":[{"href":"https:\/\/radiowebmx.com\/nota\/wp-json\/wp\/v2\/posts"}],"about":[{"href":"https:\/\/radiowebmx.com\/nota\/wp-json\/wp\/v2\/types\/post"}],"author":[{"embeddable":true,"href":"https:\/\/radiowebmx.com\/nota\/wp-json\/wp\/v2\/users\/1"}],"replies":[{"embeddable":true,"href":"https:\/\/radiowebmx.com\/nota\/wp-json\/wp\/v2\/comments?post=15935"}],"version-history":[{"count":1,"href":"https:\/\/radiowebmx.com\/nota\/wp-json\/wp\/v2\/posts\/15935\/revisions"}],"predecessor-version":[{"id":15936,"href":"https:\/\/radiowebmx.com\/nota\/wp-json\/wp\/v2\/posts\/15935\/revisions\/15936"}],"wp:attachment":[{"href":"https:\/\/radiowebmx.com\/nota\/wp-json\/wp\/v2\/media?parent=15935"}],"wp:term":[{"taxonomy":"category","embeddable":true,"href":"https:\/\/radiowebmx.com\/nota\/wp-json\/wp\/v2\/categories?post=15935"},{"taxonomy":"post_tag","embeddable":true,"href":"https:\/\/radiowebmx.com\/nota\/wp-json\/wp\/v2\/tags?post=15935"}],"curies":[{"name":"wp","href":"https:\/\/api.w.org\/{rel}","templated":true}]}}