{"id":15932,"date":"2015-06-10T10:19:18","date_gmt":"2015-06-10T15:19:18","guid":{"rendered":"https:\/\/radiowebmx.com\/nota\/?p=15932"},"modified":"2015-06-10T10:19:18","modified_gmt":"2015-06-10T15:19:18","slug":"asiste-salvador-jara-al-concierto-debut-de-la-orquesta-sinfonica-y-coro-esperanza-azteca-michoacan","status":"publish","type":"post","link":"https:\/\/radiowebmx.com\/nota\/asiste-salvador-jara-al-concierto-debut-de-la-orquesta-sinfonica-y-coro-esperanza-azteca-michoacan\/","title":{"rendered":"ASISTE SALVADOR JARA AL CONCIERTO DEBUT DE LA ORQUESTA SINF\u00d3NICA Y CORO ESPERANZA AZTECA MICHOAC\u00c1N"},"content":{"rendered":"<p>\u201cFrente a tantos problemas en el mundo, cuando uno ve a estos j\u00f3venes, surge la esperanza de un mundo mejor\u201d, expres\u00f3 el gobernador Salvador Jara Guerrero previo al inicio del concierto con el que debut\u00f3 la Orquesta Sinf\u00f3nica y Coro Esperanza Azteca Michoac\u00e1n, al que tambi\u00e9n fueron invitados becarios de la Generaci\u00f3n Bicentenario.<\/p>\n<p>Antes de arribar al Teatro Morelos, Salvador Jara sostuvo un encuentro con j\u00f3venes que en el ciclo 2010-2011 estudiaban primaria, secundaria o en el nivel medio superior, y que entonces fueron elegidos \u00a0entre los 1000 estudiantes m\u00e1s brillantes del pa\u00eds en \u00a0aprovechamiento educativo para formar parte de la Generaci\u00f3n Bicentenario, a los que Fundaci\u00f3n Azteca otorga una beca mensual hasta que concluyan su licenciatura, y en algunos casos becas de Conacyt para realizar estudios de posgrado en cualquier universidad del mundo.<\/p>\n<p>El gobernador habl\u00f3 a estos j\u00f3venes de alto rendimiento educativo, de la importancia de esforzarse para conseguir lo que uno anhela en su desarrollo profesional. Subray\u00f3 que no basta so\u00f1ar, ya que para construir un sue\u00f1o es necesario desvelarse mucho.<\/p>\n<p>En el Teatro Morelos, el presidente ejecutivo de Fundaci\u00f3n Azteca, Esteban Moctezuma Barrag\u00e1n, \u00a0rese\u00f1\u00f3 el crecimiento que ha tenido el proyecto de formaci\u00f3n musical que cuenta con 82 orquestas sinf\u00f3nicas y coros en M\u00e9xico,\u00a0 adem\u00e1s de que se ha convertido en una propuesta de exportaci\u00f3n puesto que El Salvador cuenta con 2 ensambles musicales y en Estados Unidos existe uno.<\/p>\n<p>Explic\u00f3 que en Michoac\u00e1n la Orquesta y Coro que hicieron su debut esta noche en el Teatro Morelos, est\u00e1n conformados por 201 ni\u00f1as, ni\u00f1os y j\u00f3venes procedentes de cinco municipios: Tar\u00edmbaro, Acuitzio del Canje, Quiroga, Salvador Escalante y Morelia.<\/p>\n<p>Salvador Jara y Catherine Ettinger de Jara, presidenta del Sistema DIF Michoac\u00e1n, entregaron a los ni\u00f1os m\u00fasicos Mar\u00eda Isabel Gordillo Alc\u00e1ntar \u00a0y Amri Dimitri G\u00f3mez \u2013en representaci\u00f3n de todos los integrantes de la Orquesta\u00a0 y Coro- la Medalla Fundadores, y estos, a su vez, entregaron la misma presea \u00a0al gobernador y su esposa, en reconocimiento al apoyo que el Gobierno del Estado ha dado al proyecto de la Fundaci\u00f3n Azteca.<\/p>\n<p>Finalmente, el titular del Ejecutivo en el estado expres\u00f3: \u201cver a j\u00f3venes como ustedes lo hace a uno sonre\u00edr, me emociona y me da envidia, porque yo creo que a muchos nos hubiera gustado ser como ustedes\u201d.<\/p>\n<p>\u201cEs falso que \u2018todo tiempo pasado fue mejor\u2019, yo me siento muy orgulloso de los j\u00f3venes michoacanos y me gustar\u00eda haber sido como ustedes, porque ustedes son nuestro gran futuro\u201d, concluy\u00f3.<\/p>\n","protected":false},"excerpt":{"rendered":"<p>\u201cFrente a tantos problemas en el mundo, cuando uno ve a estos j\u00f3venes, surge la esperanza de un mundo mejor\u201d, expres\u00f3 el gobernador Salvador Jara Guerrero previo al inicio del concierto con el que debut\u00f3 la Orquesta Sinf\u00f3nica y Coro Esperanza Azteca Michoac\u00e1n, <\/p>\n","protected":false},"author":1,"featured_media":15933,"comment_status":"open","ping_status":"open","sticky":false,"template":"","format":"standard","meta":{"footnotes":""},"categories":[14,3],"tags":[],"class_list":["post-15932","post","type-post","status-publish","format-standard","has-post-thumbnail","hentry","category-destacadas","category-gobierno-del-estado-de-michoacan"],"_links":{"self":[{"href":"https:\/\/radiowebmx.com\/nota\/wp-json\/wp\/v2\/posts\/15932","targetHints":{"allow":["GET"]}}],"collection":[{"href":"https:\/\/radiowebmx.com\/nota\/wp-json\/wp\/v2\/posts"}],"about":[{"href":"https:\/\/radiowebmx.com\/nota\/wp-json\/wp\/v2\/types\/post"}],"author":[{"embeddable":true,"href":"https:\/\/radiowebmx.com\/nota\/wp-json\/wp\/v2\/users\/1"}],"replies":[{"embeddable":true,"href":"https:\/\/radiowebmx.com\/nota\/wp-json\/wp\/v2\/comments?post=15932"}],"version-history":[{"count":1,"href":"https:\/\/radiowebmx.com\/nota\/wp-json\/wp\/v2\/posts\/15932\/revisions"}],"predecessor-version":[{"id":15934,"href":"https:\/\/radiowebmx.com\/nota\/wp-json\/wp\/v2\/posts\/15932\/revisions\/15934"}],"wp:featuredmedia":[{"embeddable":true,"href":"https:\/\/radiowebmx.com\/nota\/wp-json\/wp\/v2\/media\/15933"}],"wp:attachment":[{"href":"https:\/\/radiowebmx.com\/nota\/wp-json\/wp\/v2\/media?parent=15932"}],"wp:term":[{"taxonomy":"category","embeddable":true,"href":"https:\/\/radiowebmx.com\/nota\/wp-json\/wp\/v2\/categories?post=15932"},{"taxonomy":"post_tag","embeddable":true,"href":"https:\/\/radiowebmx.com\/nota\/wp-json\/wp\/v2\/tags?post=15932"}],"curies":[{"name":"wp","href":"https:\/\/api.w.org\/{rel}","templated":true}]}}