{"id":15925,"date":"2015-06-09T14:59:40","date_gmt":"2015-06-09T19:59:40","guid":{"rendered":"https:\/\/radiowebmx.com\/nota\/?p=15925"},"modified":"2015-06-09T14:59:40","modified_gmt":"2015-06-09T19:59:40","slug":"activan-brigadas-de-bacheo-en-zonas-afectadas-por-lluvias","status":"publish","type":"post","link":"https:\/\/radiowebmx.com\/nota\/activan-brigadas-de-bacheo-en-zonas-afectadas-por-lluvias\/","title":{"rendered":"Activan brigadas de bacheo en zonas afectadas por lluvias"},"content":{"rendered":"<p>Ante las afectaciones viales ocasionadas por la temporada de lluvias, fueron activadas las brigadas de bacheo que atender\u00e1n las zonas m\u00e1s afectadas en el municipio.<\/p>\n<p>&nbsp;<\/p>\n<p><span style=\"color: #000000;\">Juan Jos\u00e9 Tavera Hern\u00e1ndez, secretario de Obras P\u00fablicas de Morelia, se\u00f1al\u00f3 que las recientes lluvias han generado un mayor da\u00f1o en algunas de las vialidades m\u00e1s transitadas de la ciudad y eso ha sido uno de los factores que ha obligado a atender los reportes generados por la poblaci\u00f3n.<\/span><\/p>\n<p><span style=\"color: #000000;\">\u00a0<\/span><\/p>\n<p><span style=\"font-size: medium;\">Tavera Hern\u00e1ndez dijo que se har\u00e1n los recorridos con estas brigadas de bacheo por las principales v\u00edas de mayor tr\u00e1nsito como son Camelinas, Ventura Puente, Boulevard de Garc\u00eda de Le\u00f3n, L\u00e1zaro C\u00e1rdenas, Santa Mar\u00eda, Guadalupe Victoria, entre otras.<\/span><\/p>\n<p><span style=\"font-size: medium;\">\u00a0<\/span><\/p>\n<p><span style=\"font-size: medium;\">De este modo, se reducir\u00e1n los riesgos que significan los baches para los automovilistas, ya que se cubrir\u00e1, en las pr\u00f3ximas horas, el 60 por ciento de los da\u00f1os a la cinta asf\u00e1ltica en las avenidas y calles de Morelia.<\/span><\/p>\n<p><span style=\"color: #000000;\">\u00a0<\/span><\/p>\n<p><span style=\"color: #000000;\">Algunas de las v\u00edas que ya han sido reparadas son la calle Eduardo Ruiz, avenida Ventura Puente, calle Antonio Alzate, calle Vasco de Quiroga, avenida La Joya, calle Morelos Norte y avenida Leandro Valle.<\/span><\/p>\n<p><span style=\"color: #000000;\">\u00a0<\/span><\/p>\n<p><span style=\"color: #000000;\">Asimismo, Tavera Hern\u00e1ndez se\u00f1al\u00f3 que el personal de dicha dependencia se encuentra realizando monitoreo y atendiendo los reportes recibidos en el 072, l\u00ednea donde ser\u00e1 atendida la ciudadan\u00eda.<\/span><\/p>\n","protected":false},"excerpt":{"rendered":"<p>Ante las afectaciones viales ocasionadas por la temporada de lluvias, fueron activadas las brigadas de bacheo que atender\u00e1n las zonas m\u00e1s afectadas en el municipio. Juan Jos\u00e9 Tavera Hern\u00e1ndez, secretario de Obras P\u00fablicas de Morelia, se\u00f1al\u00f3 que las recientes lluvias han generado un mayor da\u00f1o en algunas de las vialidades m\u00e1s transitadas de la ciudad y eso ha sido uno de los factores que ha obligado a atender los reportes generados <\/p>\n","protected":false},"author":1,"featured_media":15926,"comment_status":"open","ping_status":"open","sticky":false,"template":"","format":"standard","meta":{"footnotes":""},"categories":[14,9],"tags":[],"class_list":["post-15925","post","type-post","status-publish","format-standard","has-post-thumbnail","hentry","category-destacadas","category-morelia"],"_links":{"self":[{"href":"https:\/\/radiowebmx.com\/nota\/wp-json\/wp\/v2\/posts\/15925","targetHints":{"allow":["GET"]}}],"collection":[{"href":"https:\/\/radiowebmx.com\/nota\/wp-json\/wp\/v2\/posts"}],"about":[{"href":"https:\/\/radiowebmx.com\/nota\/wp-json\/wp\/v2\/types\/post"}],"author":[{"embeddable":true,"href":"https:\/\/radiowebmx.com\/nota\/wp-json\/wp\/v2\/users\/1"}],"replies":[{"embeddable":true,"href":"https:\/\/radiowebmx.com\/nota\/wp-json\/wp\/v2\/comments?post=15925"}],"version-history":[{"count":1,"href":"https:\/\/radiowebmx.com\/nota\/wp-json\/wp\/v2\/posts\/15925\/revisions"}],"predecessor-version":[{"id":15927,"href":"https:\/\/radiowebmx.com\/nota\/wp-json\/wp\/v2\/posts\/15925\/revisions\/15927"}],"wp:featuredmedia":[{"embeddable":true,"href":"https:\/\/radiowebmx.com\/nota\/wp-json\/wp\/v2\/media\/15926"}],"wp:attachment":[{"href":"https:\/\/radiowebmx.com\/nota\/wp-json\/wp\/v2\/media?parent=15925"}],"wp:term":[{"taxonomy":"category","embeddable":true,"href":"https:\/\/radiowebmx.com\/nota\/wp-json\/wp\/v2\/categories?post=15925"},{"taxonomy":"post_tag","embeddable":true,"href":"https:\/\/radiowebmx.com\/nota\/wp-json\/wp\/v2\/tags?post=15925"}],"curies":[{"name":"wp","href":"https:\/\/api.w.org\/{rel}","templated":true}]}}