{"id":15907,"date":"2015-06-09T12:26:15","date_gmt":"2015-06-09T17:26:15","guid":{"rendered":"https:\/\/radiowebmx.com\/nota\/?p=15907"},"modified":"2015-06-09T12:26:15","modified_gmt":"2015-06-09T17:26:15","slug":"pena-nieto-felicita-a-los-ganadores-de-las-9-gubernaturas","status":"publish","type":"post","link":"https:\/\/radiowebmx.com\/nota\/pena-nieto-felicita-a-los-ganadores-de-las-9-gubernaturas\/","title":{"rendered":"Pe\u00f1a Nieto felicita a los ganadores de las 9 gubernaturas"},"content":{"rendered":"<p>El presidente Enrique Pe\u00f1a Nieto felicit\u00f3 \u00a0a los candidatos de nueve estados que aventajan en los conteos del Programa de Resultados Electorales Preliminares (PREP) para la elecci\u00f3n de gobernador, inform\u00f3 la Presidencia de la Rep\u00fablica en un comunicado.<\/p>\n<p>El jefe del Ejecutivo federal se comunic\u00f3 a \u201clos ganadores de las nueve gubernaturas, a quienes les reiter\u00f3 su disposici\u00f3n de trabajar con ellos sin distinci\u00f3n partidista alguna\u201d, indic\u00f3 la Presidencia en su comunicado.<\/p>\n<p>\u201cPe\u00f1a Nieto les manifest\u00f3 su disposici\u00f3n para sumar esfuerzos en el impulso al desarrollo estatal y regional, fomentar la creaci\u00f3n de empleos, as\u00ed como brindar seguridad a las familias\u201d.<\/p>\n<p>Seg\u00fan el comunicado, Pe\u00f1a Nieto habl\u00f3 por tel\u00e9fono con Carlos Mendoza Davis (PAN) de Baja California Sur; Alejando Moreno C\u00e1rdenas (PRI) de Campeche; Jos\u00e9 Ignacio Peralta S\u00e1nchez (PRI) de Colima, y V\u00edctor Astudillo Flores (PRI) de Guerrero.\u00a0As\u00ed como con Silvano Aureoles Conejo ( PRD)\u00a0de Michoac\u00e1n; Jaime Rodr\u00edguez Calder\u00f3n (independiente) de Nuevo Le\u00f3n; Francisco Dom\u00ednguez Servi\u00e9n (PAN) de Quer\u00e9taro; Juan Manuel Carrera L\u00f3pez (PRI) de San Luis Potos\u00ed, y Claudia Pavlovich Arellano (PRI) de Sonora.<\/p>\n<p>En San Luis Potos\u00ed, Juan Manuel Carreras L\u00f3pez (de la alianza PRI-Partido Verde-Nueva Alianza) lleva hasta este lunes, y de acuerdo con el PREP con 97.7% de las casillas computadas, el 35.78% de los votos; su rival m\u00e1s cercana es Sonia Mendoza D\u00edaz (PAN) con el 33.34%.<\/p>\n<p>Mientras tanto en Colima, la coalici\u00f3n encabezada por el PRI junto a Nueva Alianza y el Verde, teniendo como candidato a Jos\u00e9 Ignacio Peralta S\u00e1nchez mantiene la delantera con 40.01%, y el PAN, con el abanderado Jorge Luis Preciado est\u00e1, en segundo lugar con 39.66%.<\/p>\n","protected":false},"excerpt":{"rendered":"<p>El presidente Enrique Pe\u00f1a Nieto felicit\u00f3  a los candidatos de nueve estados que aventajan en los conteos del Programa de Resultados Electorales Preliminares (PREP) para la elecci\u00f3n de gobernador, inform\u00f3 la Presidencia de la Rep\u00fablica en un comunicado. El jefe del Ejecutivo federal se comunic\u00f3 a \u201clos ganadores de las nueve gubernaturas, a quienes les reiter\u00f3 su disposici\u00f3n de trabajar con ellos sin distinci\u00f3n partidista alguna\u201d, <\/p>\n","protected":false},"author":1,"featured_media":0,"comment_status":"open","ping_status":"open","sticky":false,"template":"","format":"standard","meta":{"footnotes":""},"categories":[1],"tags":[],"class_list":["post-15907","post","type-post","status-publish","format-standard","hentry","category-sin-categoria"],"_links":{"self":[{"href":"https:\/\/radiowebmx.com\/nota\/wp-json\/wp\/v2\/posts\/15907","targetHints":{"allow":["GET"]}}],"collection":[{"href":"https:\/\/radiowebmx.com\/nota\/wp-json\/wp\/v2\/posts"}],"about":[{"href":"https:\/\/radiowebmx.com\/nota\/wp-json\/wp\/v2\/types\/post"}],"author":[{"embeddable":true,"href":"https:\/\/radiowebmx.com\/nota\/wp-json\/wp\/v2\/users\/1"}],"replies":[{"embeddable":true,"href":"https:\/\/radiowebmx.com\/nota\/wp-json\/wp\/v2\/comments?post=15907"}],"version-history":[{"count":1,"href":"https:\/\/radiowebmx.com\/nota\/wp-json\/wp\/v2\/posts\/15907\/revisions"}],"predecessor-version":[{"id":15908,"href":"https:\/\/radiowebmx.com\/nota\/wp-json\/wp\/v2\/posts\/15907\/revisions\/15908"}],"wp:attachment":[{"href":"https:\/\/radiowebmx.com\/nota\/wp-json\/wp\/v2\/media?parent=15907"}],"wp:term":[{"taxonomy":"category","embeddable":true,"href":"https:\/\/radiowebmx.com\/nota\/wp-json\/wp\/v2\/categories?post=15907"},{"taxonomy":"post_tag","embeddable":true,"href":"https:\/\/radiowebmx.com\/nota\/wp-json\/wp\/v2\/tags?post=15907"}],"curies":[{"name":"wp","href":"https:\/\/api.w.org\/{rel}","templated":true}]}}