{"id":15632,"date":"2015-05-29T12:02:21","date_gmt":"2015-05-29T17:02:21","guid":{"rendered":"https:\/\/radiowebmx.com\/nota\/?p=15632"},"modified":"2015-05-29T12:02:21","modified_gmt":"2015-05-29T17:02:21","slug":"convoca-alfonso-martinez-a-ciudadanos-a-defender-el-voto-de-mapaches","status":"publish","type":"post","link":"https:\/\/radiowebmx.com\/nota\/convoca-alfonso-martinez-a-ciudadanos-a-defender-el-voto-de-mapaches\/","title":{"rendered":"Convoca Alfonso Mart\u00ednez a ciudadanos a defender el voto de mapaches"},"content":{"rendered":"<p>El candidato independiente por Morelia, Alfonso Mart\u00ednez Alc\u00e1zar hizo un llamado a reforzar la vigilancia en las urnas el pr\u00f3ximo 7 de junio y subray\u00f3 que con la participaci\u00f3n de todos, no se permitir\u00e1 la salida de \u201cmapaches\u201d que en cada jornada electoral son utilizados por los partidos para hacer trampa.<\/p>\n<p>Durante el recorrido a pie que realiz\u00f3 este jueves por las calles de la colonia Lucio Caba\u00f1as, afirm\u00f3 que para que no nos sorprendan con las viejas pr\u00e1cticas de los partidos pol\u00edticos, como el acarreo de gente, la intimidaci\u00f3n y la compra de votos, se requiere que los morelianos est\u00e9n alerta y denuncien cualquier anomal\u00eda que identifiquen.<\/p>\n<p>Mart\u00ednez Alc\u00e1zar refiri\u00f3 que se tiene el apoyo de una estructura electoral fuerte que son los ciudadanos, por lo que invit\u00f3 a todos los morelianos a que salgan a votar y que ejerzan libremente en las urnas su derecho a elegir un Gobierno independiente.<\/p>\n<p>Record\u00f3 que desde el inicio de la campa\u00f1a, se ha dirigido con transparencia y honestidad hacia la ciudadan\u00eda, y prueba de ello es que fue el primer candidato en presentar su declaraci\u00f3n 3de3, que contempla la patrimonial, de intereses y fiscal, a diferencia de otros contendientes que se niegan a hacerlo.<\/p>\n<p>Alfonso Mart\u00ednez invit\u00f3 a la poblaci\u00f3n que a\u00fan no conoce la propuesta de Todos por Morelia, a acercarse en donde identifiquen personas con el c\u00edrculo de los ciudadanos y dialoguen con ellos para que conozcan el proyecto de gobierno, y este pr\u00f3ximo 7 de junio voten en las urnas en la boleta morada.<\/p>\n","protected":false},"excerpt":{"rendered":"<p>El candidato independiente por Morelia, Alfonso Mart\u00ednez Alc\u00e1zar hizo un llamado a reforzar la vigilancia en las urnas el pr\u00f3ximo 7 de junio y subray\u00f3 que con la participaci\u00f3n de todos, no se permitir\u00e1 la salida de \u201cmapaches\u201d que en cada jornada electoral son utilizados por los partidos para hacer trampa.<\/p>\n","protected":false},"author":1,"featured_media":15633,"comment_status":"open","ping_status":"open","sticky":false,"template":"","format":"standard","meta":{"footnotes":""},"categories":[14],"tags":[],"class_list":["post-15632","post","type-post","status-publish","format-standard","has-post-thumbnail","hentry","category-destacadas"],"_links":{"self":[{"href":"https:\/\/radiowebmx.com\/nota\/wp-json\/wp\/v2\/posts\/15632","targetHints":{"allow":["GET"]}}],"collection":[{"href":"https:\/\/radiowebmx.com\/nota\/wp-json\/wp\/v2\/posts"}],"about":[{"href":"https:\/\/radiowebmx.com\/nota\/wp-json\/wp\/v2\/types\/post"}],"author":[{"embeddable":true,"href":"https:\/\/radiowebmx.com\/nota\/wp-json\/wp\/v2\/users\/1"}],"replies":[{"embeddable":true,"href":"https:\/\/radiowebmx.com\/nota\/wp-json\/wp\/v2\/comments?post=15632"}],"version-history":[{"count":1,"href":"https:\/\/radiowebmx.com\/nota\/wp-json\/wp\/v2\/posts\/15632\/revisions"}],"predecessor-version":[{"id":15634,"href":"https:\/\/radiowebmx.com\/nota\/wp-json\/wp\/v2\/posts\/15632\/revisions\/15634"}],"wp:featuredmedia":[{"embeddable":true,"href":"https:\/\/radiowebmx.com\/nota\/wp-json\/wp\/v2\/media\/15633"}],"wp:attachment":[{"href":"https:\/\/radiowebmx.com\/nota\/wp-json\/wp\/v2\/media?parent=15632"}],"wp:term":[{"taxonomy":"category","embeddable":true,"href":"https:\/\/radiowebmx.com\/nota\/wp-json\/wp\/v2\/categories?post=15632"},{"taxonomy":"post_tag","embeddable":true,"href":"https:\/\/radiowebmx.com\/nota\/wp-json\/wp\/v2\/tags?post=15632"}],"curies":[{"name":"wp","href":"https:\/\/api.w.org\/{rel}","templated":true}]}}